{"id":23063,"date":"2025-12-17T16:04:40","date_gmt":"2025-12-17T15:04:40","guid":{"rendered":"https:\/\/www.aramon.com\/blog\/?p=23063"},"modified":"2025-12-31T10:05:47","modified_gmt":"2025-12-31T09:05:47","slug":"programacion-navidad-aramon","status":"publish","type":"post","link":"https:\/\/www.aramon.com\/blog\/programacion-navidad-aramon\/","title":{"rendered":"El Grupo Aram\u00f3n presenta su programaci\u00f3n de Navidad con esqu\u00ed, ocio y actividades para todos los p\u00fablicos"},"content":{"rendered":"\n<p style=\"font-size:18px\">El Grupo Aram\u00f3n da la bienvenida a la Navidad con una programaci\u00f3n especial pensada para todos los p\u00fablicos, <strong>que combina deporte, ocio y tradici\u00f3n <\/strong>en las estaciones de Formigal-Panticosa, Cerler, Javalambre y Valdelinares. Durante estas fechas, los visitantes podr\u00e1n disfrutar de <strong>cerca de 120 kil\u00f3metros esquiables<\/strong>.<\/p>\n\n\n\n<p style=\"font-size:18px\">De cara al fin de semana, <strong>Formigal-Panticosa<\/strong> prev\u00e9 ofrecer <strong>80 kil\u00f3metros esquiables<\/strong>, con <strong>32 remontes en funcionamiento<\/strong>, lo que permitir\u00e1 disfrutar de una amplia variedad de pistas y sectores durante los d\u00edas festivos.<\/p>\n\n\n\n<p style=\"font-size:18px\">En <strong>Cerler<\/strong>, las recientes nevadas han dejado 40 cent\u00edmetros de nieve fresca y se prev\u00e9 <strong>superar los 30 kil\u00f3metros esquiables<\/strong> durante el fin de semana. Adem\u00e1s, con la <strong>apertura del telesilla Gallinero<\/strong>, la estaci\u00f3n alcanza ya su <strong>m\u00e1ximo desnivel<\/strong>, permitiendo disfrutar de todas sus cotas. Tambi\u00e9n estar\u00e1 operativa la <strong>pista 9 Km<\/strong>, el descenso m\u00e1s largo de Espa\u00f1a.<\/p>\n\n\n\n<p style=\"font-size:18px\">En <strong>Javalambre<\/strong>, este fin de semana volver\u00e1 a estar operativa la <strong>pista de trineos<\/strong> y la estaci\u00f3n tiene prevista la <strong>apertura de pistas el pr\u00f3ximo 26 de diciembre<\/strong>, ampliando as\u00ed la oferta esquiable de cara a las fechas navide\u00f1as, mientras los equipos contin\u00faan trabajando para ofrecer las mejores condiciones posibles. Por su parte, <strong>Valdelinares mantiene actualmente 7 kil\u00f3metros esquiables<\/strong>. Las previsiones meteorol\u00f3gicas para los pr\u00f3ximos d\u00edas son favorables y, si se confirman, permitir\u00e1n seguir ampliando el dominio esquiable. Adem\u00e1s, la estaci\u00f3n celebrar\u00e1 el s\u00e1bado 20 de diciembre el tradicional verm\u00fa de bienvenida para los abonos de temporada<\/p>\n\n\n\n<h3 class=\"wp-block-heading\">Pap\u00e1 Noel visita las estaciones del Grupo Aram\u00f3n<\/h3>\n\n\n\n<p style=\"font-size:18px\">El <strong>24 de diciembre, Pap\u00e1 Noel<\/strong> llegar\u00e1 desde el Polo Norte para visitar las estaciones del Grupo Aram\u00f3n antes de iniciar su tradicional reparto de regalos.<\/p>\n\n\n\n<p style=\"font-size:18px\">En <strong>Formigal-Panticosa<\/strong>, Pap\u00e1 Noel recorrer\u00e1 la estaci\u00f3n durante la ma\u00f1ana, comenzando por la zona de Anayet y los jardines de nieve, donde saludar\u00e1 a los m\u00e1s peque\u00f1os. La jornada se completar\u00e1 con un chocolate caliente para todos los asistentes y continuar\u00e1 en Panticosa, donde se desplazar\u00e1 esquiando hasta llegar a la zona de Petrosos.<\/p>\n\n\n\n<p style=\"font-size:18px\">En<strong> Cerler<\/strong>, Pap\u00e1 Noel tambi\u00e9n se dejar\u00e1 ver esquiando por la estaci\u00f3n. El d\u00eda 24 de diciembre iniciar\u00e1 su recorrido a partir de las 10:30 h en Cerler 1.500, desde donde comenzar\u00e1 un tour por distintos puntos de la estaci\u00f3n para recoger los \u00faltimos encargos antes de la noche m\u00e1s m\u00e1gica del a\u00f1o.<\/p>\n\n\n\n<p style=\"font-size:18px\">En la estaci\u00f3n turolense de <strong>Valdelinares<\/strong>, Pap\u00e1 Noel recorrer\u00e1 las pistas esquiando, acompa\u00f1ado de su elfo, repartiendo caramelos y compartiendo momentos con peque\u00f1os y mayores para arrancar la Nochebuena con ilusi\u00f3n.<\/p>\n\n\n\n<h3 class=\"wp-block-heading\">Campanadas en la nieve<\/h3>\n\n\n\n<p style=\"font-size:18px\">La despedida del a\u00f1o ser\u00e1 uno de los momentos destacados de la programaci\u00f3n navide\u00f1a del Grupo Aram\u00f3n, con propuestas singulares para celebrar la llegada de 2026 en plena monta\u00f1a.<\/p>\n\n\n\n<p style=\"font-size:18px\">El <strong>31 de diciembre, Formigal-Panticosa<\/strong> vivir\u00e1 una Nochevieja especial con las <strong>campanadas retransmitidas en directo por Mediaset, con Sandra Barneda y Xuso Jones<\/strong>, desde el apr\u00e8s-ski Marchica, reforzando el posicionamiento de la estaci\u00f3n como uno de los grandes escenarios del invierno. Marchica abrir\u00e1 una <strong>primera sesi\u00f3n de apr\u00e8s-ski de 17:00 h a 21:00 h<\/strong>, <strong>exclusiva para mayores de 18 a\u00f1os,<\/strong> con las actuaciones de <strong><a href=\"https:\/\/www.aramon.com\/m-experience\/formigal-panticosa\/marchica#events\" target=\"_blank\" rel=\"noreferrer noopener\">Luc Loren y Carlos Jean<\/a><\/strong>. A partir de las 22:30 h y hasta la 01:30 h, el espacio volver\u00e1 a abrir sus puertas a todos los p\u00fablicos para acoger la Noche de Campanadas, con acceso gratuito y reparto de cotill\u00f3n y uvas. Adem\u00e1s<strong>, <\/strong>como ya es tradici\u00f3n,<strong> Sarrios<\/strong> ser\u00e1 otro de los puntos clave, donde por la ma\u00f1ana se celebrar\u00e1n las Campanadas a las 12:00 h y tendr\u00e1 lugar una <strong>sesi\u00f3n de Carlos Jean <\/strong>desde las 13:00 h hasta las 15:00 h<\/p>\n\n\n\n<p>Para quienes deseen acompa\u00f1ar la celebraci\u00f3n con una propuesta gastron\u00f3mica especial, estar\u00e1 disponible el<strong> <em><a href=\"https:\/\/www.aramon.com\/m-experience\/formigal-panticosa\/marchica#events\/dinner-time--campanadas-mediaset-31-12-2025-NZGV\" target=\"_blank\" rel=\"noreferrer noopener\">Pack \u201cDelivery Campanadas\u201d<\/a><\/em><\/strong> por 34 \u20ac, que incluye crema del chef, ensaladilla de marisco, nuestra burguer Marchica o brioche de salm\u00f3n ahumado, trenza de Amud\u00e9var, vino, agua, uvas de la suerte y cotill\u00f3n. Podr\u00e1 disfrutarse en la terraza de Sextas, al aire libre con vistas \u00fanicas, o llevarse en formato <em>take away<\/em> para celebrar donde se prefiera.<\/p>\n\n\n\n<p style=\"font-size:18px\">En <strong>Cerler<\/strong>, se celebrar\u00e1n las tradicionales <strong>Campanadas del Mundo<\/strong>, con ensayos de las doce uvas a lo largo del d\u00eda en distintos puntos de la estaci\u00f3n: a las 12:00 h en la Terraza de Ampriu, a las 13:00 h en Colladeta Burger, a las 14:00 h en la Terraza de Cota 2.000 y a las 18:00 h, en el apr\u00e8s-ski Rem\u00e1scaro, donde la celebraci\u00f3n continuar\u00e1 de la mano de <strong>Alex Curreya<\/strong>.<\/p>\n\n\n\n<p style=\"font-size:18px\">Las estaciones de <strong>Javalambre y Valdelinares<\/strong> despedir\u00e1n el a\u00f1o con las <strong>Campanadas en Altura<\/strong>, con m\u00fasica en directo desde las 11:00 h en las terrazas de Sabina y La Caba\u00f1a 1.900, respectivamente, y un brindis conjunto al mediod\u00eda para dar la bienvenida a 2026.<\/p>\n\n\n\n<p style=\"font-size:18px\">Adem\u00e1s, <strong>Valdelinares<\/strong> reforzar\u00e1 su programaci\u00f3n navide\u00f1a con varias citas del ciclo <strong>M Experience<\/strong> en la Caba\u00f1a 1.900, con actuaciones de <strong>Eddy Charlez y Samuel S\u00e1nchez los d\u00edas 27 y 28 de diciembre<\/strong>, y de <strong>Topo y Jano los d\u00edas 3 y 4 de enero<\/strong>, completando la oferta musical durante las fiestas.<\/p>\n\n\n\n<h3 class=\"wp-block-heading\">Descenso de antorchas y actividades en Teruel<\/h3>\n\n\n\n<p style=\"font-size:18px\">El <strong>30 de diciembre<\/strong>, <strong>Formigal<\/strong> acoger\u00e1 uno de los momentos m\u00e1s especiales de la temporada con la celebraci\u00f3n del tradicional <strong>descenso de antorchas <\/strong>a partir de las 18:30 h, una cita que permitir\u00e1 vivir una noche \u00fanica en la monta\u00f1a, con la bajada nocturna de los esquiadores dibujando una serpiente de fuego que ilumina el paisaje.<\/p>\n\n\n\n<p style=\"font-size:18px\">El <strong>3 de enero<\/strong>, <strong>Cerler<\/strong> tambi\u00e9n celebrar\u00e1 su descenso de antorchas, un eventonocturno que reunir\u00e1 a esquiadores y snowboarders en un ambiente muy especial. La bajada se desarrollar\u00e1 desde el telesilla El Molino a las 17:40 h hasta Cerler 1.500.<\/p>\n\n\n\n<p style=\"font-size:18px\">En la estaci\u00f3n de <strong>Javalambre<\/strong> la programaci\u00f3n navide\u00f1a contar\u00e1 con una amplia propuesta familiar. Los d\u00edas <strong>26, 27 y 28 de diciembre<\/strong>, as\u00ed como <strong>3 y 4 de enero<\/strong>, se celebrar\u00e1n animaciones infantiles en las pistas de trineos, con juegos, carreras y actividades pensadas para los m\u00e1s peque\u00f1os.<\/p>\n\n\n\n<h3 class=\"wp-block-heading\">La llegada de los Reyes Magos<\/h3>\n\n\n\n<p style=\"font-size:18px\">El <strong>5 de enero<\/strong>, Sus Majestades los Reyes Magos pondr\u00e1n el broche final a la Navidad visitando las estaciones del Grupo Aram\u00f3n.<\/p>\n\n\n\n<p style=\"font-size:18px\">En <strong>Formigal-Panticosa<\/strong>, la ma\u00f1ana del 5 de enero recorrer\u00e1n las zonas de Portalet, Anayet y Petrosos. A las 10:00 h llegar\u00e1n a Petrosos y, despu\u00e9s de visitar a los m\u00e1s peque\u00f1os en el jard\u00edn de nieve, continuar\u00e1n su recorrido por la estaci\u00f3n. A las 12:00 h estar\u00e1n en Portalet y seguir\u00e1n hasta la zona de Anayet. Por la tarde, tras un descenso de antorchas desde la zona de Tres Hombres, llegar\u00e1n a Sextas, donde repartir\u00e1n regalos a los ni\u00f1os que lo hayan solicitado previamente. En Panticosa, Sus Majestades tambi\u00e9n realizar\u00e1n un descenso de antorchas por la pista Estrimal antes de repartir los regalos en el pueblo.<\/p>\n\n\n\n<p style=\"font-size:18px\">En <strong>Cerler<\/strong>, Melchor, Gaspar y Baltasar no fallan a su cita anual esquiando por la estaci\u00f3n, repartiendo caramelos y compartiendo momentos con las familias. A las 10:30 h llegar\u00e1n a Cerler 1.500. Al mediod\u00eda esquiar\u00e1n por Cota 2.000, y hacia las 13:00 h bajar\u00e1n desde Colladeta a su parada final en el Jard\u00edn de Nieve de Ampriu, donde los Reyes recibir\u00e1n a los m\u00e1s peque\u00f1os sentados en sus tronos.&nbsp;<\/p>\n\n\n\n<p style=\"font-size:18px\">En las estaciones de <strong>Javalambre y Valdelinares<\/strong>, Melchor, Gaspar y Baltasar recorrer\u00e1n las pistas esquiando, repartiendo caramelos y juguetes y manteniendo viva la ilusi\u00f3n de esta jornada tan especial.<\/p>\n\n\n\n<h3 class=\"wp-block-heading\">Programaci\u00f3n musical<\/h3>\n\n\n\n<p style=\"font-size:18px\">La m\u00fasica ser\u00e1 uno de los grandes protagonistas de la Navidad en las estaciones del Grupo Aram\u00f3n gracias a la programaci\u00f3n de <strong>M Experience<\/strong>. Durante estas semanas, espacios emblem\u00e1ticos como <strong>Marchica, El Igl\u00fa, Caba\u00f1a Izas, M the Club, Cantal o Caba\u00f1a Garmet Lounge<\/strong> y <strong>Rem\u00e1scaro<\/strong>, en <strong>Cerler<\/strong>, acoger\u00e1n sesiones de DJs y actuaciones pensadas para distintos p\u00fablicos y momentos del d\u00eda.<\/p>\n\n\n\n<p style=\"font-size:18px\">El fin de semana comenzar\u00e1 el <strong>viernes 19 de diciembre<\/strong> con sesi\u00f3n en <strong>Marchica<\/strong>, de la mano de <strong>Sweet Pyrenne<\/strong>, marcando el inicio de la programaci\u00f3n musical navide\u00f1a. Ese mismo d\u00eda, <strong>Rem\u00e1scaro<\/strong> comenzar\u00e1 su agenda especial en Cerler con la sesi\u00f3n de <strong>Homies<\/strong>.<\/p>\n\n\n\n<p style=\"font-size:18px\">El <strong>s\u00e1bado 20 y domingo 21<\/strong>, los escenarios de <strong>El Igl\u00fa <\/strong>y<strong> Caba\u00f1a Izas <\/strong>se convertir\u00e1n en puntos clave del apr\u00e8s-ski, con sesiones de <strong>Arkaitz y Mawey<\/strong> el s\u00e1bado, y de <strong>Le Villain y David Nal<\/strong> el domingo.<\/p>\n\n\n\n<p style=\"font-size:18px\">Marchica celebrar\u00e1 adem\u00e1s <strong>Pure Marchica<\/strong>, una de sus propuestas m\u00e1s reconocibles.<\/p>\n\n\n\n<p style=\"font-size:18px\">Durante <strong>Nochebuena y el d\u00eda de Navidad<\/strong>, la m\u00fasica seguir\u00e1 muy presente en las estaciones, con sesiones de <strong>Le Villain, Arkaitz y Mawey<\/strong> en <strong>El Igl\u00fa <\/strong>y<strong> Caba\u00f1a Izas<\/strong>, ofreciendo una alternativa de ocio para quienes eligen la monta\u00f1a para celebrar estas fechas. En <strong>Rem\u00e1scaro<\/strong>, la programaci\u00f3n continuar\u00e1 el <strong>26 de diciembre<\/strong> con una nueva sesi\u00f3n de <strong>Homies<\/strong> y el <strong>s\u00e1bado<\/strong> <strong>27 de diciembre<\/strong> con <strong>Alex Melero.<\/strong> Ese mismo d\u00eda, en Formigal, tendr\u00e1 lugar el <strong>Opening de M Big Room con Totote.<\/strong><\/p>\n\n\n\n<p style=\"font-size:18px\">Adem\u00e1s, el d\u00eda <strong>31 de diciembre<\/strong>, tras las Campanadas en Marchica, la m\u00fasica continuar\u00e1 sonando en Formigal con la <strong>apertura de M Big Room<\/strong> a partir de la 01:00 h y la <strong>actuaci\u00f3n de Luc Loren<\/strong>. La despedida del a\u00f1o tambi\u00e9n tendr\u00e1 su protagonismo en <strong>Cerler<\/strong>, donde el apr\u00e8s-ski <strong>Rem\u00e1scaro<\/strong> acoger\u00e1 una celebraci\u00f3n especial que continuar\u00e1 de la mano del DJ <strong>Alex Curreya<\/strong>.<\/p>\n\n\n\n<p style=\"font-size:18px\">La programaci\u00f3n musical de Navidad del Grupo Aram\u00f3n continuar\u00e1 durante los primeros d\u00edas de 2026, ampliando la oferta de ocio en los principales espacios de las estaciones. El <strong>viernes<\/strong> <strong>2 de enero<\/strong>, <strong>Caba\u00f1a Garmet Lounge<\/strong> acoger\u00e1 una sesi\u00f3n de <strong>Alex Tena<\/strong>, mientras que <strong>M the Club<\/strong> contar\u00e1 con la actuaci\u00f3n de <strong>Mikel<\/strong>. El <strong>s\u00e1bado<\/strong> <strong>3 de enero<\/strong>, <strong>DJ Carlittos<\/strong> ser\u00e1 el encargado de animar el apr\u00e8s-ski de Marchica, mientras que <strong>Mawey<\/strong> actuar\u00e1 en <strong>Rem\u00e1scaro<\/strong>. El <strong>domingo<\/strong> <strong>4 de enero<\/strong>, la programaci\u00f3n se despedir\u00e1 con sesiones de <strong>Mikel<\/strong> en <strong>El Igl\u00fa<\/strong>, <strong>Saxo<\/strong> en <strong>Caba\u00f1a Izas<\/strong> y <strong>Le Villain<\/strong> en <strong>Sarrios<\/strong>, poniendo el broche final a la Navidad musical en las estaciones.<\/p>\n\n\n\n<h3 class=\"wp-block-heading\">Viajes Aram\u00f3n, la mejor forma de disfrutar de la Navidad en la nieve<\/h3>\n\n\n\n<p style=\"font-size:18px\">Durante estas fechas, <strong>Viajes Aram\u00f3n<\/strong>, la agencia de viajes del grupo, ofrece paquetes exclusivos que combinan alojamiento y forfait, facilitando la planificaci\u00f3n de unas vacaciones de Navidad en la nieve con todas las comodidades.<\/p>\n\n\n\n<p style=\"font-size:18px\">Con esta completa agenda, el Grupo Aram\u00f3n refuerza su apuesta por una Navidad que combina deporte, ocio y tradici\u00f3n, consolidando sus estaciones como destinos de referencia para disfrutar de las fiestas en un entorno \u00fanico.<\/p>\n","protected":false},"excerpt":{"rendered":"<p>Las estaciones de Formigal-Panticosa, Cerler, Javalambre y Valdelinares ofrecer\u00e1n cerca de 120 kil\u00f3metros esquiables durante el periodo navide\u00f1o.<\/p>\n","protected":false},"author":2,"featured_media":22954,"comment_status":"closed","ping_status":"closed","sticky":false,"template":"","format":"standard","meta":{"_acf_changed":false,"footnotes":""},"categories":[1,303,307,308,2152],"tags":[27,131,34],"acf":[],"yoast_head":"<!-- This site is optimized with the Yoast SEO plugin v22.5 - https:\/\/yoast.com\/wordpress\/plugins\/seo\/ -->\n<title>El Grupo Aram\u00f3n presenta su programaci\u00f3n de Navidad con esqu\u00ed, ocio y actividades para todos los p\u00fablicos - Blog Oficial del Grupo ARAM\u00d3N<\/title>\n<meta name=\"description\" content=\"La programaci\u00f3n incluye la visita de Pap\u00e1 Noel y los Reyes Magos, eventos musicales y descensos de antorchas.\" \/>\n<meta name=\"robots\" content=\"index, follow, max-snippet:-1, max-image-preview:large, max-video-preview:-1\" \/>\n<link rel=\"canonical\" href=\"https:\/\/www.aramon.com\/blog\/programacion-navidad-aramon\/\" \/>\n<meta property=\"og:locale\" content=\"es_ES\" \/>\n<meta property=\"og:type\" content=\"article\" \/>\n<meta property=\"og:title\" content=\"El Grupo Aram\u00f3n presenta su programaci\u00f3n de Navidad con esqu\u00ed, ocio y actividades para todos los p\u00fablicos - Blog Oficial del Grupo ARAM\u00d3N\" \/>\n<meta property=\"og:description\" content=\"La programaci\u00f3n incluye la visita de Pap\u00e1 Noel y los Reyes Magos, eventos musicales y descensos de antorchas.\" \/>\n<meta property=\"og:url\" content=\"https:\/\/www.aramon.com\/blog\/programacion-navidad-aramon\/\" \/>\n<meta property=\"og:site_name\" content=\"Blog Oficial del Grupo ARAM\u00d3N\" \/>\n<meta property=\"article:published_time\" content=\"2025-12-17T15:04:40+00:00\" \/>\n<meta property=\"article:modified_time\" content=\"2025-12-31T09:05:47+00:00\" \/>\n<meta property=\"og:image\" content=\"https:\/\/www.aramon.com\/blog\/wp-content\/uploads\/2025\/12\/IMG_1371-scaled.jpg\" \/>\n\t<meta property=\"og:image:width\" content=\"2560\" \/>\n\t<meta property=\"og:image:height\" content=\"1707\" \/>\n\t<meta property=\"og:image:type\" content=\"image\/jpeg\" \/>\n<meta name=\"author\" content=\"aramon\" \/>\n<meta name=\"twitter:card\" content=\"summary_large_image\" \/>\n<meta name=\"twitter:label1\" content=\"Escrito por\" \/>\n\t<meta name=\"twitter:data1\" content=\"aramon\" \/>\n\t<meta name=\"twitter:label2\" content=\"Tiempo de lectura\" \/>\n\t<meta name=\"twitter:data2\" content=\"8 minutos\" \/>\n<script type=\"application\/ld+json\" class=\"yoast-schema-graph\">{\"@context\":\"https:\/\/schema.org\",\"@graph\":[{\"@type\":\"WebPage\",\"@id\":\"https:\/\/www.aramon.com\/blog\/programacion-navidad-aramon\/\",\"url\":\"https:\/\/www.aramon.com\/blog\/programacion-navidad-aramon\/\",\"name\":\"El Grupo Aram\u00f3n presenta su programaci\u00f3n de Navidad con esqu\u00ed, ocio y actividades para todos los p\u00fablicos - Blog Oficial del Grupo ARAM\u00d3N\",\"isPartOf\":{\"@id\":\"https:\/\/www.aramon.com\/blog\/#website\"},\"primaryImageOfPage\":{\"@id\":\"https:\/\/www.aramon.com\/blog\/programacion-navidad-aramon\/#primaryimage\"},\"image\":{\"@id\":\"https:\/\/www.aramon.com\/blog\/programacion-navidad-aramon\/#primaryimage\"},\"thumbnailUrl\":\"https:\/\/www.aramon.com\/blog\/wp-content\/uploads\/2025\/12\/IMG_1371-scaled.jpg\",\"datePublished\":\"2025-12-17T15:04:40+00:00\",\"dateModified\":\"2025-12-31T09:05:47+00:00\",\"author\":{\"@id\":\"https:\/\/www.aramon.com\/blog\/#\/schema\/person\/9429ffb451d657ab98f0ca1b364eeef3\"},\"description\":\"La programaci\u00f3n incluye la visita de Pap\u00e1 Noel y los Reyes Magos, eventos musicales y descensos de antorchas.\",\"inLanguage\":\"es\",\"potentialAction\":[{\"@type\":\"ReadAction\",\"target\":[\"https:\/\/www.aramon.com\/blog\/programacion-navidad-aramon\/\"]}]},{\"@type\":\"ImageObject\",\"inLanguage\":\"es\",\"@id\":\"https:\/\/www.aramon.com\/blog\/programacion-navidad-aramon\/#primaryimage\",\"url\":\"https:\/\/www.aramon.com\/blog\/wp-content\/uploads\/2025\/12\/IMG_1371-scaled.jpg\",\"contentUrl\":\"https:\/\/www.aramon.com\/blog\/wp-content\/uploads\/2025\/12\/IMG_1371-scaled.jpg\",\"width\":2560,\"height\":1707},{\"@type\":\"WebSite\",\"@id\":\"https:\/\/www.aramon.com\/blog\/#website\",\"url\":\"https:\/\/www.aramon.com\/blog\/\",\"name\":\"Blog Oficial del Grupo ARAM\u00d3N\",\"description\":\"Blog Oficial del Grupo Aram\u00f3n sobre estaciones de esqu\u00ed, monta\u00f1ismo, deportes de aventura y m\u00e1s en Arag\u00f3n.\",\"potentialAction\":[{\"@type\":\"SearchAction\",\"target\":{\"@type\":\"EntryPoint\",\"urlTemplate\":\"https:\/\/www.aramon.com\/blog\/?s={search_term_string}\"},\"query-input\":\"required name=search_term_string\"}],\"inLanguage\":\"es\"},{\"@type\":\"Person\",\"@id\":\"https:\/\/www.aramon.com\/blog\/#\/schema\/person\/9429ffb451d657ab98f0ca1b364eeef3\",\"name\":\"aramon\",\"image\":{\"@type\":\"ImageObject\",\"inLanguage\":\"es\",\"@id\":\"https:\/\/www.aramon.com\/blog\/#\/schema\/person\/image\/\",\"url\":\"https:\/\/secure.gravatar.com\/avatar\/d5fd0ede392e1af0e414b87f7568b4d5?s=96&d=mm&r=g\",\"contentUrl\":\"https:\/\/secure.gravatar.com\/avatar\/d5fd0ede392e1af0e414b87f7568b4d5?s=96&d=mm&r=g\",\"caption\":\"aramon\"},\"url\":\"https:\/\/www.aramon.com\/blog\/author\/aramon\/\"}]}<\/script>\n<!-- \/ Yoast SEO plugin. -->","yoast_head_json":{"title":"El Grupo Aram\u00f3n presenta su programaci\u00f3n de Navidad con esqu\u00ed, ocio y actividades para todos los p\u00fablicos - Blog Oficial del Grupo ARAM\u00d3N","description":"La programaci\u00f3n incluye la visita de Pap\u00e1 Noel y los Reyes Magos, eventos musicales y descensos de antorchas.","robots":{"index":"index","follow":"follow","max-snippet":"max-snippet:-1","max-image-preview":"max-image-preview:large","max-video-preview":"max-video-preview:-1"},"canonical":"https:\/\/www.aramon.com\/blog\/programacion-navidad-aramon\/","og_locale":"es_ES","og_type":"article","og_title":"El Grupo Aram\u00f3n presenta su programaci\u00f3n de Navidad con esqu\u00ed, ocio y actividades para todos los p\u00fablicos - Blog Oficial del Grupo ARAM\u00d3N","og_description":"La programaci\u00f3n incluye la visita de Pap\u00e1 Noel y los Reyes Magos, eventos musicales y descensos de antorchas.","og_url":"https:\/\/www.aramon.com\/blog\/programacion-navidad-aramon\/","og_site_name":"Blog Oficial del Grupo ARAM\u00d3N","article_published_time":"2025-12-17T15:04:40+00:00","article_modified_time":"2025-12-31T09:05:47+00:00","og_image":[{"width":2560,"height":1707,"url":"https:\/\/www.aramon.com\/blog\/wp-content\/uploads\/2025\/12\/IMG_1371-scaled.jpg","type":"image\/jpeg"}],"author":"aramon","twitter_card":"summary_large_image","twitter_misc":{"Escrito por":"aramon","Tiempo de lectura":"8 minutos"},"schema":{"@context":"https:\/\/schema.org","@graph":[{"@type":"WebPage","@id":"https:\/\/www.aramon.com\/blog\/programacion-navidad-aramon\/","url":"https:\/\/www.aramon.com\/blog\/programacion-navidad-aramon\/","name":"El Grupo Aram\u00f3n presenta su programaci\u00f3n de Navidad con esqu\u00ed, ocio y actividades para todos los p\u00fablicos - Blog Oficial del Grupo ARAM\u00d3N","isPartOf":{"@id":"https:\/\/www.aramon.com\/blog\/#website"},"primaryImageOfPage":{"@id":"https:\/\/www.aramon.com\/blog\/programacion-navidad-aramon\/#primaryimage"},"image":{"@id":"https:\/\/www.aramon.com\/blog\/programacion-navidad-aramon\/#primaryimage"},"thumbnailUrl":"https:\/\/www.aramon.com\/blog\/wp-content\/uploads\/2025\/12\/IMG_1371-scaled.jpg","datePublished":"2025-12-17T15:04:40+00:00","dateModified":"2025-12-31T09:05:47+00:00","author":{"@id":"https:\/\/www.aramon.com\/blog\/#\/schema\/person\/9429ffb451d657ab98f0ca1b364eeef3"},"description":"La programaci\u00f3n incluye la visita de Pap\u00e1 Noel y los Reyes Magos, eventos musicales y descensos de antorchas.","inLanguage":"es","potentialAction":[{"@type":"ReadAction","target":["https:\/\/www.aramon.com\/blog\/programacion-navidad-aramon\/"]}]},{"@type":"ImageObject","inLanguage":"es","@id":"https:\/\/www.aramon.com\/blog\/programacion-navidad-aramon\/#primaryimage","url":"https:\/\/www.aramon.com\/blog\/wp-content\/uploads\/2025\/12\/IMG_1371-scaled.jpg","contentUrl":"https:\/\/www.aramon.com\/blog\/wp-content\/uploads\/2025\/12\/IMG_1371-scaled.jpg","width":2560,"height":1707},{"@type":"WebSite","@id":"https:\/\/www.aramon.com\/blog\/#website","url":"https:\/\/www.aramon.com\/blog\/","name":"Blog Oficial del Grupo ARAM\u00d3N","description":"Blog Oficial del Grupo Aram\u00f3n sobre estaciones de esqu\u00ed, monta\u00f1ismo, deportes de aventura y m\u00e1s en Arag\u00f3n.","potentialAction":[{"@type":"SearchAction","target":{"@type":"EntryPoint","urlTemplate":"https:\/\/www.aramon.com\/blog\/?s={search_term_string}"},"query-input":"required name=search_term_string"}],"inLanguage":"es"},{"@type":"Person","@id":"https:\/\/www.aramon.com\/blog\/#\/schema\/person\/9429ffb451d657ab98f0ca1b364eeef3","name":"aramon","image":{"@type":"ImageObject","inLanguage":"es","@id":"https:\/\/www.aramon.com\/blog\/#\/schema\/person\/image\/","url":"https:\/\/secure.gravatar.com\/avatar\/d5fd0ede392e1af0e414b87f7568b4d5?s=96&d=mm&r=g","contentUrl":"https:\/\/secure.gravatar.com\/avatar\/d5fd0ede392e1af0e414b87f7568b4d5?s=96&d=mm&r=g","caption":"aramon"},"url":"https:\/\/www.aramon.com\/blog\/author\/aramon\/"}]}},"_links":{"self":[{"href":"https:\/\/www.aramon.com\/blog\/wp-json\/wp\/v2\/posts\/23063"}],"collection":[{"href":"https:\/\/www.aramon.com\/blog\/wp-json\/wp\/v2\/posts"}],"about":[{"href":"https:\/\/www.aramon.com\/blog\/wp-json\/wp\/v2\/types\/post"}],"author":[{"embeddable":true,"href":"https:\/\/www.aramon.com\/blog\/wp-json\/wp\/v2\/users\/2"}],"replies":[{"embeddable":true,"href":"https:\/\/www.aramon.com\/blog\/wp-json\/wp\/v2\/comments?post=23063"}],"version-history":[{"count":8,"href":"https:\/\/www.aramon.com\/blog\/wp-json\/wp\/v2\/posts\/23063\/revisions"}],"predecessor-version":[{"id":23189,"href":"https:\/\/www.aramon.com\/blog\/wp-json\/wp\/v2\/posts\/23063\/revisions\/23189"}],"wp:featuredmedia":[{"embeddable":true,"href":"https:\/\/www.aramon.com\/blog\/wp-json\/wp\/v2\/media\/22954"}],"wp:attachment":[{"href":"https:\/\/www.aramon.com\/blog\/wp-json\/wp\/v2\/media?parent=23063"}],"wp:term":[{"taxonomy":"category","embeddable":true,"href":"https:\/\/www.aramon.com\/blog\/wp-json\/wp\/v2\/categories?post=23063"},{"taxonomy":"post_tag","embeddable":true,"href":"https:\/\/www.aramon.com\/blog\/wp-json\/wp\/v2\/tags?post=23063"}],"curies":[{"name":"wp","href":"https:\/\/api.w.org\/{rel}","templated":true}]}}