{"id":23149,"date":"2025-12-23T15:29:46","date_gmt":"2025-12-23T14:29:46","guid":{"rendered":"https:\/\/www.aramon.com\/blog\/?p=23149"},"modified":"2025-12-24T15:27:47","modified_gmt":"2025-12-24T14:27:47","slug":"navidades-blancas-aramon","status":"publish","type":"post","link":"https:\/\/www.aramon.com\/blog\/navidades-blancas-aramon\/","title":{"rendered":"Unas Navidades blancas en las estaciones de Aram\u00f3n: 200 kil\u00f3metros para disfrutar del esqu\u00ed"},"content":{"rendered":"\n<p style=\"font-size:18px\">Las estaciones del <strong>Grupo Aram\u00f3n<\/strong> encaran la Navidad con un escenario plenamente invernal, gracias a las \u00faltimas nevadas que han registrado hasta 50 cm de nieve nueva. Durante los pr\u00f3ximos d\u00edas <strong>Cerler,<\/strong> <strong>Formigal-Panticosa<\/strong>, <strong>Javalambre<\/strong> y <strong>Valdelinares<\/strong> ofrecer\u00e1n <strong>200 kil\u00f3metros esquiables<\/strong>.<\/p>\n\n\n\n<p style=\"font-size:18px\"><strong>Cerler<\/strong> ofrecer\u00e1 <strong>63 kil\u00f3metros esquiables<\/strong>, con espesores de nieve que oscilan entre los <strong>50 y los 85 cm<\/strong>, logrando as\u00ed el mejor n\u00famero de kil\u00f3metros al inicio del periodo navide\u00f1o de los \u00faltimos diez a\u00f1os. La estaci\u00f3n tiene prevista la <strong>apertura de la zona de Ampriu Park <\/strong>y contar\u00e1 con el <strong>100 % de sus remontes en funcionamiento<\/strong>, permitiendo recorrer los <strong>tres valles<\/strong>,<strong> desde Rinc\u00f3n del Cielo hasta Castanesa. <\/strong>Como complemento a la experiencia en pistas, <strong>el restaurante El Bosque volver\u00e1 a abrir sus puertas<\/strong>, ofreciendo a los esquiadores una propuesta gastron\u00f3mica en un entorno privilegiado de la estaci\u00f3n.<\/p>\n\n\n\n<p style=\"font-size:18px\">La estaci\u00f3n de <strong>Formigal-Panticosa<\/strong> prev\u00e9 ampliar su oferta esquiable con hasta <strong>115 kil\u00f3metros <\/strong>y espesores de nieve entre <strong>40 y 80 cm, m\u00e1s de 100 pistas y todos los remontes abiertos. <\/strong>Estas cifras sit\u00faan al sector de Formigal-Panticosa ante su segundo mejor registro hist\u00f3rico en el periodo navide\u00f1o, solo por detr\u00e1s de la temporada 2021-2022.<\/p>\n\n\n\n<p style=\"font-size:18px\">Adem\u00e1s, para completar la oferta de la estaci\u00f3n durante el periodo navide\u00f1o, Formigal-Panticosa pondr\u00e1 en marcha dos de sus experiencias m\u00e1s singulares. <strong>LasMugas abrir\u00e1n al p\u00fablico a partir del viernes 26 de diciembre<\/strong>, mientras que la caba\u00f1a <strong>LaGlera lo har\u00e1 el s\u00e1bado 27<\/strong>, ampliando as\u00ed la propuesta de la estaci\u00f3n m\u00e1s all\u00e1 de la actividad esquiable.<\/p>\n\n\n\n<p style=\"font-size:18px\">En Teruel, <strong>Javalambre <\/strong>tiene prevista su apertura el <strong>viernes 26 de diciembre<\/strong>, con cerca de <strong>7 kil\u00f3metros esquiables<\/strong>, concentrados en <strong>7 pistas y 6 remontes operativos. <\/strong>Durante los primeros d\u00edas de apertura, la estaci\u00f3n ofrecer\u00e1 <strong>animaciones en trineos los d\u00edas 26, 27 y 28 de diciembre<\/strong>, pensadas para completar la experiencia en la nieve. Por su parte, <strong>Valdelinares alcanzar\u00e1 los 15 kil\u00f3metros esquiables<\/strong> e iniciar\u00e1 la <strong>programaci\u00f3n M Experience<\/strong> durante el s\u00e1bado y el domingo, incorporando propuestas de ocio que se suman a la actividad en pistas. Con estos datos, las estaciones turolenses alcanzan su <strong>mejor registro hist\u00f3rico de kil\u00f3metros esquiables durante el periodo navide\u00f1o<\/strong>.<\/p>\n\n\n\n<p style=\"font-size:18px\">Las nevadas, junto al trabajo continuo de los equipos en pistas, dibujan un <strong>excelente escenario para los pr\u00f3ximos d\u00edas<\/strong>, con paisajes completamente cubiertos de nieve y condiciones \u00f3ptimas para la pr\u00e1ctica del esqu\u00ed. El Grupo Aram\u00f3n afronta as\u00ed la Navidad con una oferta variada y <a href=\"https:\/\/www.aramon.com\/blog\/programacion-navidad-aramon\/\"><strong>actividades para todos los p\u00fablicos<\/strong><strong>:<\/strong><\/a> desde la visita de Pap\u00e1 Noel a todas las estaciones hasta las Campanadas de fin de a\u00f1o, retransmitidas por Mediaset. La planificaci\u00f3n de la estancia se completa a trav\u00e9s de <strong>Viajes Aram\u00f3n<\/strong>, con paquetes que combinan alojamiento y forfait para disfrutar de unas vacaciones de Navidad en la nieve con todas las comodidades.<\/p>\n","protected":false},"excerpt":{"rendered":"<p>Las estaciones de Cerler, Formigal-Panticosa, Javalambre y Valdelinares, gracias a las nevadas registradas en los \u00faltimos d\u00edas, ampl\u00edan su oferta de kil\u00f3metros esquiables, alcanzando registros hist\u00f3ricos de apertura en todos los destinos. <\/p>\n","protected":false},"author":2,"featured_media":23122,"comment_status":"closed","ping_status":"closed","sticky":false,"template":"","format":"standard","meta":{"_acf_changed":false,"footnotes":""},"categories":[1,303,307,308],"tags":[27,1995,32,34],"acf":[],"yoast_head":"<!-- This site is optimized with the Yoast SEO plugin v22.5 - https:\/\/yoast.com\/wordpress\/plugins\/seo\/ -->\n<title>Unas Navidades blancas en las estaciones de Aram\u00f3n: 200 kil\u00f3metros para disfrutar del esqu\u00ed - Blog Oficial del Grupo ARAM\u00d3N<\/title>\n<meta name=\"description\" content=\"Las recientes nevadas han te\u00f1ido el paisaje de blanco y ofreciendo unas condiciones inmejorables para disfrutar al m\u00e1ximo de la nieve.\" \/>\n<meta name=\"robots\" content=\"index, follow, max-snippet:-1, max-image-preview:large, max-video-preview:-1\" \/>\n<link rel=\"canonical\" href=\"https:\/\/www.aramon.com\/blog\/navidades-blancas-aramon\/\" \/>\n<meta property=\"og:locale\" content=\"es_ES\" \/>\n<meta property=\"og:type\" content=\"article\" \/>\n<meta property=\"og:title\" content=\"Unas Navidades blancas en las estaciones de Aram\u00f3n: 200 kil\u00f3metros para disfrutar del esqu\u00ed - Blog Oficial del Grupo ARAM\u00d3N\" \/>\n<meta property=\"og:description\" content=\"Las recientes nevadas han te\u00f1ido el paisaje de blanco y ofreciendo unas condiciones inmejorables para disfrutar al m\u00e1ximo de la nieve.\" \/>\n<meta property=\"og:url\" content=\"https:\/\/www.aramon.com\/blog\/navidades-blancas-aramon\/\" \/>\n<meta property=\"og:site_name\" content=\"Blog Oficial del Grupo ARAM\u00d3N\" \/>\n<meta property=\"article:published_time\" content=\"2025-12-23T14:29:46+00:00\" \/>\n<meta property=\"article:modified_time\" content=\"2025-12-24T14:27:47+00:00\" \/>\n<meta property=\"og:image\" content=\"https:\/\/www.aramon.com\/blog\/wp-content\/uploads\/2025\/12\/Cerler-5-scaled.jpeg\" \/>\n\t<meta property=\"og:image:width\" content=\"2560\" \/>\n\t<meta property=\"og:image:height\" content=\"1441\" \/>\n\t<meta property=\"og:image:type\" content=\"image\/jpeg\" \/>\n<meta name=\"author\" content=\"aramon\" \/>\n<meta name=\"twitter:card\" content=\"summary_large_image\" \/>\n<meta name=\"twitter:label1\" content=\"Escrito por\" \/>\n\t<meta name=\"twitter:data1\" content=\"aramon\" \/>\n\t<meta name=\"twitter:label2\" content=\"Tiempo de lectura\" \/>\n\t<meta name=\"twitter:data2\" content=\"3 minutos\" \/>\n<script type=\"application\/ld+json\" class=\"yoast-schema-graph\">{\"@context\":\"https:\/\/schema.org\",\"@graph\":[{\"@type\":\"WebPage\",\"@id\":\"https:\/\/www.aramon.com\/blog\/navidades-blancas-aramon\/\",\"url\":\"https:\/\/www.aramon.com\/blog\/navidades-blancas-aramon\/\",\"name\":\"Unas Navidades blancas en las estaciones de Aram\u00f3n: 200 kil\u00f3metros para disfrutar del esqu\u00ed - Blog Oficial del Grupo ARAM\u00d3N\",\"isPartOf\":{\"@id\":\"https:\/\/www.aramon.com\/blog\/#website\"},\"primaryImageOfPage\":{\"@id\":\"https:\/\/www.aramon.com\/blog\/navidades-blancas-aramon\/#primaryimage\"},\"image\":{\"@id\":\"https:\/\/www.aramon.com\/blog\/navidades-blancas-aramon\/#primaryimage\"},\"thumbnailUrl\":\"https:\/\/www.aramon.com\/blog\/wp-content\/uploads\/2025\/12\/Cerler-5-scaled.jpeg\",\"datePublished\":\"2025-12-23T14:29:46+00:00\",\"dateModified\":\"2025-12-24T14:27:47+00:00\",\"author\":{\"@id\":\"https:\/\/www.aramon.com\/blog\/#\/schema\/person\/9429ffb451d657ab98f0ca1b364eeef3\"},\"description\":\"Las recientes nevadas han te\u00f1ido el paisaje de blanco y ofreciendo unas condiciones inmejorables para disfrutar al m\u00e1ximo de la nieve.\",\"inLanguage\":\"es\",\"potentialAction\":[{\"@type\":\"ReadAction\",\"target\":[\"https:\/\/www.aramon.com\/blog\/navidades-blancas-aramon\/\"]}]},{\"@type\":\"ImageObject\",\"inLanguage\":\"es\",\"@id\":\"https:\/\/www.aramon.com\/blog\/navidades-blancas-aramon\/#primaryimage\",\"url\":\"https:\/\/www.aramon.com\/blog\/wp-content\/uploads\/2025\/12\/Cerler-5-scaled.jpeg\",\"contentUrl\":\"https:\/\/www.aramon.com\/blog\/wp-content\/uploads\/2025\/12\/Cerler-5-scaled.jpeg\",\"width\":2560,\"height\":1441},{\"@type\":\"WebSite\",\"@id\":\"https:\/\/www.aramon.com\/blog\/#website\",\"url\":\"https:\/\/www.aramon.com\/blog\/\",\"name\":\"Blog Oficial del Grupo ARAM\u00d3N\",\"description\":\"Blog Oficial del Grupo Aram\u00f3n sobre estaciones de esqu\u00ed, monta\u00f1ismo, deportes de aventura y m\u00e1s en Arag\u00f3n.\",\"potentialAction\":[{\"@type\":\"SearchAction\",\"target\":{\"@type\":\"EntryPoint\",\"urlTemplate\":\"https:\/\/www.aramon.com\/blog\/?s={search_term_string}\"},\"query-input\":\"required name=search_term_string\"}],\"inLanguage\":\"es\"},{\"@type\":\"Person\",\"@id\":\"https:\/\/www.aramon.com\/blog\/#\/schema\/person\/9429ffb451d657ab98f0ca1b364eeef3\",\"name\":\"aramon\",\"image\":{\"@type\":\"ImageObject\",\"inLanguage\":\"es\",\"@id\":\"https:\/\/www.aramon.com\/blog\/#\/schema\/person\/image\/\",\"url\":\"https:\/\/secure.gravatar.com\/avatar\/d5fd0ede392e1af0e414b87f7568b4d5?s=96&d=mm&r=g\",\"contentUrl\":\"https:\/\/secure.gravatar.com\/avatar\/d5fd0ede392e1af0e414b87f7568b4d5?s=96&d=mm&r=g\",\"caption\":\"aramon\"},\"url\":\"https:\/\/www.aramon.com\/blog\/author\/aramon\/\"}]}<\/script>\n<!-- \/ Yoast SEO plugin. -->","yoast_head_json":{"title":"Unas Navidades blancas en las estaciones de Aram\u00f3n: 200 kil\u00f3metros para disfrutar del esqu\u00ed - Blog Oficial del Grupo ARAM\u00d3N","description":"Las recientes nevadas han te\u00f1ido el paisaje de blanco y ofreciendo unas condiciones inmejorables para disfrutar al m\u00e1ximo de la nieve.","robots":{"index":"index","follow":"follow","max-snippet":"max-snippet:-1","max-image-preview":"max-image-preview:large","max-video-preview":"max-video-preview:-1"},"canonical":"https:\/\/www.aramon.com\/blog\/navidades-blancas-aramon\/","og_locale":"es_ES","og_type":"article","og_title":"Unas Navidades blancas en las estaciones de Aram\u00f3n: 200 kil\u00f3metros para disfrutar del esqu\u00ed - Blog Oficial del Grupo ARAM\u00d3N","og_description":"Las recientes nevadas han te\u00f1ido el paisaje de blanco y ofreciendo unas condiciones inmejorables para disfrutar al m\u00e1ximo de la nieve.","og_url":"https:\/\/www.aramon.com\/blog\/navidades-blancas-aramon\/","og_site_name":"Blog Oficial del Grupo ARAM\u00d3N","article_published_time":"2025-12-23T14:29:46+00:00","article_modified_time":"2025-12-24T14:27:47+00:00","og_image":[{"width":2560,"height":1441,"url":"https:\/\/www.aramon.com\/blog\/wp-content\/uploads\/2025\/12\/Cerler-5-scaled.jpeg","type":"image\/jpeg"}],"author":"aramon","twitter_card":"summary_large_image","twitter_misc":{"Escrito por":"aramon","Tiempo de lectura":"3 minutos"},"schema":{"@context":"https:\/\/schema.org","@graph":[{"@type":"WebPage","@id":"https:\/\/www.aramon.com\/blog\/navidades-blancas-aramon\/","url":"https:\/\/www.aramon.com\/blog\/navidades-blancas-aramon\/","name":"Unas Navidades blancas en las estaciones de Aram\u00f3n: 200 kil\u00f3metros para disfrutar del esqu\u00ed - Blog Oficial del Grupo ARAM\u00d3N","isPartOf":{"@id":"https:\/\/www.aramon.com\/blog\/#website"},"primaryImageOfPage":{"@id":"https:\/\/www.aramon.com\/blog\/navidades-blancas-aramon\/#primaryimage"},"image":{"@id":"https:\/\/www.aramon.com\/blog\/navidades-blancas-aramon\/#primaryimage"},"thumbnailUrl":"https:\/\/www.aramon.com\/blog\/wp-content\/uploads\/2025\/12\/Cerler-5-scaled.jpeg","datePublished":"2025-12-23T14:29:46+00:00","dateModified":"2025-12-24T14:27:47+00:00","author":{"@id":"https:\/\/www.aramon.com\/blog\/#\/schema\/person\/9429ffb451d657ab98f0ca1b364eeef3"},"description":"Las recientes nevadas han te\u00f1ido el paisaje de blanco y ofreciendo unas condiciones inmejorables para disfrutar al m\u00e1ximo de la nieve.","inLanguage":"es","potentialAction":[{"@type":"ReadAction","target":["https:\/\/www.aramon.com\/blog\/navidades-blancas-aramon\/"]}]},{"@type":"ImageObject","inLanguage":"es","@id":"https:\/\/www.aramon.com\/blog\/navidades-blancas-aramon\/#primaryimage","url":"https:\/\/www.aramon.com\/blog\/wp-content\/uploads\/2025\/12\/Cerler-5-scaled.jpeg","contentUrl":"https:\/\/www.aramon.com\/blog\/wp-content\/uploads\/2025\/12\/Cerler-5-scaled.jpeg","width":2560,"height":1441},{"@type":"WebSite","@id":"https:\/\/www.aramon.com\/blog\/#website","url":"https:\/\/www.aramon.com\/blog\/","name":"Blog Oficial del Grupo ARAM\u00d3N","description":"Blog Oficial del Grupo Aram\u00f3n sobre estaciones de esqu\u00ed, monta\u00f1ismo, deportes de aventura y m\u00e1s en Arag\u00f3n.","potentialAction":[{"@type":"SearchAction","target":{"@type":"EntryPoint","urlTemplate":"https:\/\/www.aramon.com\/blog\/?s={search_term_string}"},"query-input":"required name=search_term_string"}],"inLanguage":"es"},{"@type":"Person","@id":"https:\/\/www.aramon.com\/blog\/#\/schema\/person\/9429ffb451d657ab98f0ca1b364eeef3","name":"aramon","image":{"@type":"ImageObject","inLanguage":"es","@id":"https:\/\/www.aramon.com\/blog\/#\/schema\/person\/image\/","url":"https:\/\/secure.gravatar.com\/avatar\/d5fd0ede392e1af0e414b87f7568b4d5?s=96&d=mm&r=g","contentUrl":"https:\/\/secure.gravatar.com\/avatar\/d5fd0ede392e1af0e414b87f7568b4d5?s=96&d=mm&r=g","caption":"aramon"},"url":"https:\/\/www.aramon.com\/blog\/author\/aramon\/"}]}},"_links":{"self":[{"href":"https:\/\/www.aramon.com\/blog\/wp-json\/wp\/v2\/posts\/23149"}],"collection":[{"href":"https:\/\/www.aramon.com\/blog\/wp-json\/wp\/v2\/posts"}],"about":[{"href":"https:\/\/www.aramon.com\/blog\/wp-json\/wp\/v2\/types\/post"}],"author":[{"embeddable":true,"href":"https:\/\/www.aramon.com\/blog\/wp-json\/wp\/v2\/users\/2"}],"replies":[{"embeddable":true,"href":"https:\/\/www.aramon.com\/blog\/wp-json\/wp\/v2\/comments?post=23149"}],"version-history":[{"count":4,"href":"https:\/\/www.aramon.com\/blog\/wp-json\/wp\/v2\/posts\/23149\/revisions"}],"predecessor-version":[{"id":23161,"href":"https:\/\/www.aramon.com\/blog\/wp-json\/wp\/v2\/posts\/23149\/revisions\/23161"}],"wp:featuredmedia":[{"embeddable":true,"href":"https:\/\/www.aramon.com\/blog\/wp-json\/wp\/v2\/media\/23122"}],"wp:attachment":[{"href":"https:\/\/www.aramon.com\/blog\/wp-json\/wp\/v2\/media?parent=23149"}],"wp:term":[{"taxonomy":"category","embeddable":true,"href":"https:\/\/www.aramon.com\/blog\/wp-json\/wp\/v2\/categories?post=23149"},{"taxonomy":"post_tag","embeddable":true,"href":"https:\/\/www.aramon.com\/blog\/wp-json\/wp\/v2\/tags?post=23149"}],"curies":[{"name":"wp","href":"https:\/\/api.w.org\/{rel}","templated":true}]}}