{"id":23194,"date":"2026-01-01T11:48:11","date_gmt":"2026-01-01T10:48:11","guid":{"rendered":"https:\/\/www.aramon.com\/blog\/?p=23194"},"modified":"2026-01-01T11:48:12","modified_gmt":"2026-01-01T10:48:12","slug":"campanadas-mediaset-marchica","status":"publish","type":"post","link":"https:\/\/www.aramon.com\/blog\/campanadas-mediaset-marchica\/","title":{"rendered":"Aram\u00f3n despide 2025 con una Nochevieja hist\u00f3rica: las campanadas llegan por primera vez a la nieve con Sandra Barneda y Xuso Jones"},"content":{"rendered":"\n<p style=\"font-size:18px\"><strong>El Grupo Aram\u00f3n<\/strong> ha despedido el a\u00f1o 2025 con un evento sin precedentes que ha llevado la magia de la monta\u00f1a y la nieve a los hogares de Telecinco y Cuatro. <strong>Por primera vez, las campanadas de una televisi\u00f3n nacional se han retransmitido desde una estaci\u00f3n de esqu\u00ed<\/strong>, convirtiendo a Formigal-Panticosa en el escenario de una Nochevieja hist\u00f3rica.<\/p>\n\n\n\n<p style=\"font-size:18px\">La retransmisi\u00f3n tuvo lugar en <strong>Marchica<\/strong>, el emblem\u00e1tico apr\u00e8s-ski de la estaci\u00f3n, que acogi\u00f3 una celebraci\u00f3n \u00fanica presentada por <strong>Sandra Barneda y Xuso Jones<\/strong> y emitida en directo a trav\u00e9s de las dos cadenas principales de Mediaset Espa\u00f1a. Un hito que sit\u00faa a la nieve en el centro de la Nochevieja y refuerza el posicionamiento de Aram\u00f3n como referente en experiencias innovadoras vinculadas al ocio y la monta\u00f1a.<\/p>\n\n\n\n<p style=\"font-size:18px\">El programa arranc\u00f3 con una espectacular <strong>bajada de antorchas<\/strong> en la que m\u00e1s de 200 esquiadores descendieron por las pistas iluminando la monta\u00f1a, creando una imagen ic\u00f3nica que dio inicio a la retransmisi\u00f3n. Tras este momento, los presentadores realizaron su <strong>entrada en trineo<\/strong> hasta el escenario principal de Marchica, desde donde dieron la bienvenida al a\u00f1o 2026 en un entorno natural \u00fanico.<\/p>\n\n\n\n<p style=\"font-size:18px\">Desde primera hora de la tarde, artistas como <strong>Carlos Jean y<\/strong> <strong>Luc Loren <\/strong>animaron la estaci\u00f3n con sesiones que hicieron vibrar al p\u00fablico. Tras las campanadas, la celebraci\u00f3n continu\u00f3 con cotill\u00f3n, uvas y una fiesta que se prolong\u00f3 hasta la madrugada. Adem\u00e1s, para completar la experiencia, Aram\u00f3n ofreci\u00f3 una propuesta gastron\u00f3mica exclusiva a trav\u00e9s del pack \u201cDelivery Campanadas\u201d, dise\u00f1ado para que los asistentes pudieran disfrutar de la Nochevieja sin preocupaciones.<\/p>\n\n\n\n<figure class=\"wp-block-video\"><video controls src=\"https:\/\/www.aramon.com\/blog\/wp-content\/uploads\/2026\/01\/CAMPANADAS-1.mp4\"><\/video><\/figure>\n\n\n\n<p style=\"font-size:18px\">\u201cEn Aram\u00f3n trabajamos para que cada visita a nuestras estaciones sea especial. Retransmitir las campanadas desde Marchica, con Sandra Barneda y Xuso Jones, y comenzar la noche con una bajada de antorchas hist\u00f3rica, es <strong>un hito<\/strong> <strong>que refuerza nuestra apuesta por ofrecer experiencias \u00fanicas en la nieve<\/strong>\u201d, afirm\u00f3 <strong>Antonio Geric\u00f3, presidente ejecutivo del Grupo Aram\u00f3n.<\/strong><\/p>\n\n\n\n<p style=\"font-size:18px\">Monta\u00f1a, m\u00fasica, gastronom\u00eda y emoci\u00f3n se unieron para despedir el a\u00f1o de una forma diferente y memorable. Marchica y Formigal-Panticosa se consolidan, como un referente del ocio invernal, demostrando que la Nochevieja tambi\u00e9n puede vivirse, por primera vez, desde la nieve.<\/p>\n","protected":false},"excerpt":{"rendered":"<p>La celebraci\u00f3n combin\u00f3 espect\u00e1culo, m\u00fasica, gastronom\u00eda y una bajada de antorchas, llevando la magia del Pirineo aragon\u00e9s a los hogares de los espectadores. <\/p>\n","protected":false},"author":2,"featured_media":23196,"comment_status":"closed","ping_status":"closed","sticky":false,"template":"","format":"standard","meta":{"_acf_changed":false,"footnotes":""},"categories":[1,307,2152],"tags":[1440,27,2600,32,982,34],"acf":[],"yoast_head":"<!-- This site is optimized with the Yoast SEO plugin v22.5 - https:\/\/yoast.com\/wordpress\/plugins\/seo\/ -->\n<title>Aram\u00f3n despide 2025 con una Nochevieja hist\u00f3rica: las campanadas llegan por primera vez a la nieve con Sandra Barneda y Xuso Jones - Blog Oficial del Grupo ARAM\u00d3N<\/title>\n<meta name=\"description\" content=\"Sandra Barneda y Xuso Jones condujeron la retransmisi\u00f3n en directo desde Marchica, en una Nochevieja hist\u00f3rica emitida por Telecinco y Cuatro.\" \/>\n<meta name=\"robots\" content=\"index, follow, max-snippet:-1, max-image-preview:large, max-video-preview:-1\" \/>\n<link rel=\"canonical\" href=\"https:\/\/www.aramon.com\/blog\/campanadas-mediaset-marchica\/\" \/>\n<meta property=\"og:locale\" content=\"es_ES\" \/>\n<meta property=\"og:type\" content=\"article\" \/>\n<meta property=\"og:title\" content=\"Aram\u00f3n despide 2025 con una Nochevieja hist\u00f3rica: las campanadas llegan por primera vez a la nieve con Sandra Barneda y Xuso Jones - Blog Oficial del Grupo ARAM\u00d3N\" \/>\n<meta property=\"og:description\" content=\"Sandra Barneda y Xuso Jones condujeron la retransmisi\u00f3n en directo desde Marchica, en una Nochevieja hist\u00f3rica emitida por Telecinco y Cuatro.\" \/>\n<meta property=\"og:url\" content=\"https:\/\/www.aramon.com\/blog\/campanadas-mediaset-marchica\/\" \/>\n<meta property=\"og:site_name\" content=\"Blog Oficial del Grupo ARAM\u00d3N\" \/>\n<meta property=\"article:published_time\" content=\"2026-01-01T10:48:11+00:00\" \/>\n<meta property=\"article:modified_time\" content=\"2026-01-01T10:48:12+00:00\" \/>\n<meta property=\"og:image\" content=\"https:\/\/www.aramon.com\/blog\/wp-content\/uploads\/2026\/01\/FOTOS-CAMPANADAS-FORMIGAL-3-scaled.jpg\" \/>\n\t<meta property=\"og:image:width\" content=\"2560\" \/>\n\t<meta property=\"og:image:height\" content=\"1707\" \/>\n\t<meta property=\"og:image:type\" content=\"image\/jpeg\" \/>\n<meta name=\"author\" content=\"aramon\" \/>\n<meta name=\"twitter:card\" content=\"summary_large_image\" \/>\n<meta name=\"twitter:label1\" content=\"Escrito por\" \/>\n\t<meta name=\"twitter:data1\" content=\"aramon\" \/>\n\t<meta name=\"twitter:label2\" content=\"Tiempo de lectura\" \/>\n\t<meta name=\"twitter:data2\" content=\"2 minutos\" \/>\n<script type=\"application\/ld+json\" class=\"yoast-schema-graph\">{\"@context\":\"https:\/\/schema.org\",\"@graph\":[{\"@type\":\"WebPage\",\"@id\":\"https:\/\/www.aramon.com\/blog\/campanadas-mediaset-marchica\/\",\"url\":\"https:\/\/www.aramon.com\/blog\/campanadas-mediaset-marchica\/\",\"name\":\"Aram\u00f3n despide 2025 con una Nochevieja hist\u00f3rica: las campanadas llegan por primera vez a la nieve con Sandra Barneda y Xuso Jones - Blog Oficial del Grupo ARAM\u00d3N\",\"isPartOf\":{\"@id\":\"https:\/\/www.aramon.com\/blog\/#website\"},\"primaryImageOfPage\":{\"@id\":\"https:\/\/www.aramon.com\/blog\/campanadas-mediaset-marchica\/#primaryimage\"},\"image\":{\"@id\":\"https:\/\/www.aramon.com\/blog\/campanadas-mediaset-marchica\/#primaryimage\"},\"thumbnailUrl\":\"https:\/\/www.aramon.com\/blog\/wp-content\/uploads\/2026\/01\/FOTOS-CAMPANADAS-FORMIGAL-3-scaled.jpg\",\"datePublished\":\"2026-01-01T10:48:11+00:00\",\"dateModified\":\"2026-01-01T10:48:12+00:00\",\"author\":{\"@id\":\"https:\/\/www.aramon.com\/blog\/#\/schema\/person\/9429ffb451d657ab98f0ca1b364eeef3\"},\"description\":\"Sandra Barneda y Xuso Jones condujeron la retransmisi\u00f3n en directo desde Marchica, en una Nochevieja hist\u00f3rica emitida por Telecinco y Cuatro.\",\"inLanguage\":\"es\",\"potentialAction\":[{\"@type\":\"ReadAction\",\"target\":[\"https:\/\/www.aramon.com\/blog\/campanadas-mediaset-marchica\/\"]}]},{\"@type\":\"ImageObject\",\"inLanguage\":\"es\",\"@id\":\"https:\/\/www.aramon.com\/blog\/campanadas-mediaset-marchica\/#primaryimage\",\"url\":\"https:\/\/www.aramon.com\/blog\/wp-content\/uploads\/2026\/01\/FOTOS-CAMPANADAS-FORMIGAL-3-scaled.jpg\",\"contentUrl\":\"https:\/\/www.aramon.com\/blog\/wp-content\/uploads\/2026\/01\/FOTOS-CAMPANADAS-FORMIGAL-3-scaled.jpg\",\"width\":2560,\"height\":1707},{\"@type\":\"WebSite\",\"@id\":\"https:\/\/www.aramon.com\/blog\/#website\",\"url\":\"https:\/\/www.aramon.com\/blog\/\",\"name\":\"Blog Oficial del Grupo ARAM\u00d3N\",\"description\":\"Blog Oficial del Grupo Aram\u00f3n sobre estaciones de esqu\u00ed, monta\u00f1ismo, deportes de aventura y m\u00e1s en Arag\u00f3n.\",\"potentialAction\":[{\"@type\":\"SearchAction\",\"target\":{\"@type\":\"EntryPoint\",\"urlTemplate\":\"https:\/\/www.aramon.com\/blog\/?s={search_term_string}\"},\"query-input\":\"required name=search_term_string\"}],\"inLanguage\":\"es\"},{\"@type\":\"Person\",\"@id\":\"https:\/\/www.aramon.com\/blog\/#\/schema\/person\/9429ffb451d657ab98f0ca1b364eeef3\",\"name\":\"aramon\",\"image\":{\"@type\":\"ImageObject\",\"inLanguage\":\"es\",\"@id\":\"https:\/\/www.aramon.com\/blog\/#\/schema\/person\/image\/\",\"url\":\"https:\/\/secure.gravatar.com\/avatar\/d5fd0ede392e1af0e414b87f7568b4d5?s=96&d=mm&r=g\",\"contentUrl\":\"https:\/\/secure.gravatar.com\/avatar\/d5fd0ede392e1af0e414b87f7568b4d5?s=96&d=mm&r=g\",\"caption\":\"aramon\"},\"url\":\"https:\/\/www.aramon.com\/blog\/author\/aramon\/\"}]}<\/script>\n<!-- \/ Yoast SEO plugin. -->","yoast_head_json":{"title":"Aram\u00f3n despide 2025 con una Nochevieja hist\u00f3rica: las campanadas llegan por primera vez a la nieve con Sandra Barneda y Xuso Jones - Blog Oficial del Grupo ARAM\u00d3N","description":"Sandra Barneda y Xuso Jones condujeron la retransmisi\u00f3n en directo desde Marchica, en una Nochevieja hist\u00f3rica emitida por Telecinco y Cuatro.","robots":{"index":"index","follow":"follow","max-snippet":"max-snippet:-1","max-image-preview":"max-image-preview:large","max-video-preview":"max-video-preview:-1"},"canonical":"https:\/\/www.aramon.com\/blog\/campanadas-mediaset-marchica\/","og_locale":"es_ES","og_type":"article","og_title":"Aram\u00f3n despide 2025 con una Nochevieja hist\u00f3rica: las campanadas llegan por primera vez a la nieve con Sandra Barneda y Xuso Jones - Blog Oficial del Grupo ARAM\u00d3N","og_description":"Sandra Barneda y Xuso Jones condujeron la retransmisi\u00f3n en directo desde Marchica, en una Nochevieja hist\u00f3rica emitida por Telecinco y Cuatro.","og_url":"https:\/\/www.aramon.com\/blog\/campanadas-mediaset-marchica\/","og_site_name":"Blog Oficial del Grupo ARAM\u00d3N","article_published_time":"2026-01-01T10:48:11+00:00","article_modified_time":"2026-01-01T10:48:12+00:00","og_image":[{"width":2560,"height":1707,"url":"https:\/\/www.aramon.com\/blog\/wp-content\/uploads\/2026\/01\/FOTOS-CAMPANADAS-FORMIGAL-3-scaled.jpg","type":"image\/jpeg"}],"author":"aramon","twitter_card":"summary_large_image","twitter_misc":{"Escrito por":"aramon","Tiempo de lectura":"2 minutos"},"schema":{"@context":"https:\/\/schema.org","@graph":[{"@type":"WebPage","@id":"https:\/\/www.aramon.com\/blog\/campanadas-mediaset-marchica\/","url":"https:\/\/www.aramon.com\/blog\/campanadas-mediaset-marchica\/","name":"Aram\u00f3n despide 2025 con una Nochevieja hist\u00f3rica: las campanadas llegan por primera vez a la nieve con Sandra Barneda y Xuso Jones - Blog Oficial del Grupo ARAM\u00d3N","isPartOf":{"@id":"https:\/\/www.aramon.com\/blog\/#website"},"primaryImageOfPage":{"@id":"https:\/\/www.aramon.com\/blog\/campanadas-mediaset-marchica\/#primaryimage"},"image":{"@id":"https:\/\/www.aramon.com\/blog\/campanadas-mediaset-marchica\/#primaryimage"},"thumbnailUrl":"https:\/\/www.aramon.com\/blog\/wp-content\/uploads\/2026\/01\/FOTOS-CAMPANADAS-FORMIGAL-3-scaled.jpg","datePublished":"2026-01-01T10:48:11+00:00","dateModified":"2026-01-01T10:48:12+00:00","author":{"@id":"https:\/\/www.aramon.com\/blog\/#\/schema\/person\/9429ffb451d657ab98f0ca1b364eeef3"},"description":"Sandra Barneda y Xuso Jones condujeron la retransmisi\u00f3n en directo desde Marchica, en una Nochevieja hist\u00f3rica emitida por Telecinco y Cuatro.","inLanguage":"es","potentialAction":[{"@type":"ReadAction","target":["https:\/\/www.aramon.com\/blog\/campanadas-mediaset-marchica\/"]}]},{"@type":"ImageObject","inLanguage":"es","@id":"https:\/\/www.aramon.com\/blog\/campanadas-mediaset-marchica\/#primaryimage","url":"https:\/\/www.aramon.com\/blog\/wp-content\/uploads\/2026\/01\/FOTOS-CAMPANADAS-FORMIGAL-3-scaled.jpg","contentUrl":"https:\/\/www.aramon.com\/blog\/wp-content\/uploads\/2026\/01\/FOTOS-CAMPANADAS-FORMIGAL-3-scaled.jpg","width":2560,"height":1707},{"@type":"WebSite","@id":"https:\/\/www.aramon.com\/blog\/#website","url":"https:\/\/www.aramon.com\/blog\/","name":"Blog Oficial del Grupo ARAM\u00d3N","description":"Blog Oficial del Grupo Aram\u00f3n sobre estaciones de esqu\u00ed, monta\u00f1ismo, deportes de aventura y m\u00e1s en Arag\u00f3n.","potentialAction":[{"@type":"SearchAction","target":{"@type":"EntryPoint","urlTemplate":"https:\/\/www.aramon.com\/blog\/?s={search_term_string}"},"query-input":"required name=search_term_string"}],"inLanguage":"es"},{"@type":"Person","@id":"https:\/\/www.aramon.com\/blog\/#\/schema\/person\/9429ffb451d657ab98f0ca1b364eeef3","name":"aramon","image":{"@type":"ImageObject","inLanguage":"es","@id":"https:\/\/www.aramon.com\/blog\/#\/schema\/person\/image\/","url":"https:\/\/secure.gravatar.com\/avatar\/d5fd0ede392e1af0e414b87f7568b4d5?s=96&d=mm&r=g","contentUrl":"https:\/\/secure.gravatar.com\/avatar\/d5fd0ede392e1af0e414b87f7568b4d5?s=96&d=mm&r=g","caption":"aramon"},"url":"https:\/\/www.aramon.com\/blog\/author\/aramon\/"}]}},"_links":{"self":[{"href":"https:\/\/www.aramon.com\/blog\/wp-json\/wp\/v2\/posts\/23194"}],"collection":[{"href":"https:\/\/www.aramon.com\/blog\/wp-json\/wp\/v2\/posts"}],"about":[{"href":"https:\/\/www.aramon.com\/blog\/wp-json\/wp\/v2\/types\/post"}],"author":[{"embeddable":true,"href":"https:\/\/www.aramon.com\/blog\/wp-json\/wp\/v2\/users\/2"}],"replies":[{"embeddable":true,"href":"https:\/\/www.aramon.com\/blog\/wp-json\/wp\/v2\/comments?post=23194"}],"version-history":[{"count":2,"href":"https:\/\/www.aramon.com\/blog\/wp-json\/wp\/v2\/posts\/23194\/revisions"}],"predecessor-version":[{"id":23198,"href":"https:\/\/www.aramon.com\/blog\/wp-json\/wp\/v2\/posts\/23194\/revisions\/23198"}],"wp:featuredmedia":[{"embeddable":true,"href":"https:\/\/www.aramon.com\/blog\/wp-json\/wp\/v2\/media\/23196"}],"wp:attachment":[{"href":"https:\/\/www.aramon.com\/blog\/wp-json\/wp\/v2\/media?parent=23194"}],"wp:term":[{"taxonomy":"category","embeddable":true,"href":"https:\/\/www.aramon.com\/blog\/wp-json\/wp\/v2\/categories?post=23194"},{"taxonomy":"post_tag","embeddable":true,"href":"https:\/\/www.aramon.com\/blog\/wp-json\/wp\/v2\/tags?post=23194"}],"curies":[{"name":"wp","href":"https:\/\/api.w.org\/{rel}","templated":true}]}}