{"id":23253,"date":"2026-01-10T09:52:10","date_gmt":"2026-01-10T08:52:10","guid":{"rendered":"https:\/\/www.aramon.com\/blog\/?p=23253"},"modified":"2026-01-10T09:52:10","modified_gmt":"2026-01-10T08:52:10","slug":"barance-aramon-navidades","status":"publish","type":"post","link":"https:\/\/www.aramon.com\/blog\/barance-aramon-navidades\/","title":{"rendered":"El Grupo Aram\u00f3n cierra unas Navidades blancas de r\u00e9cord con 218.148 d\u00edas de esqu\u00ed"},"content":{"rendered":"\n<p style=\"font-size:18px\"><strong>El Grupo Aram\u00f3n <\/strong>hace un balance muy positivo de unas aut\u00e9nticas Navidades blancas, con<strong> 218.148 d\u00edas de esqu\u00ed, <\/strong>uno de los mejores resultados de los \u00faltimos a\u00f1os.<strong> <\/strong>Durante las dos \u00faltimas semanas, Cerler, Formigal-Panticosa, Javalambre y Valdelinares han ofrecido alrededor de <strong>200 kil\u00f3metros esquiables<\/strong>, duplicando su dominio respecto a la temporada pasada y consolidando as\u00ed <strong>uno de los mejores periodos navide\u00f1os de los \u00faltimos a\u00f1os.<\/strong><\/p>\n\n\n\n<p style=\"font-size:18px\">Durante estas fechas, las estaciones del Grupo han disfrutado de excelentes condiciones de nieve y tiempo estable, lo que ha permitido que esquiadores y visitantes hayan podido vivir plenamente la experiencia en monta\u00f1a.<\/p>\n\n\n\n<p style=\"font-size:18px\">La estaci\u00f3n de <strong>Cerler<\/strong> ha ofrecido <strong>m\u00e1s de 60 kil\u00f3metros esquiables<\/strong>, el mejor registro al inicio del periodo navide\u00f1o de los \u00faltimos a\u00f1os, con la apertura del restaurante El Bosque, la zona de Ampriu Park y el <strong>100 % de los remontes en funcionamiento<\/strong>.<\/p>\n\n\n\n<p style=\"font-size:18px\">Por su parte, <strong>Formigal-Panticosa<\/strong> ha abierto todos los d\u00edas superando los <strong>100 kil\u00f3metros esquiables<\/strong>, con m\u00e1s de un centenar de pistas y todos los remontes operativos, a lo que se ha sumado la apertura de Las Mugas y La Glera, cifras que sit\u00faan a la estaci\u00f3n ante su <strong>segundo mejor registro hist\u00f3rico en Navidad<\/strong>.<\/p>\n\n\n\n<p style=\"font-size:18px\">Las estaciones turolenses, <strong>Javalambre y Valdelinares<\/strong>, tambi\u00e9n han vivido unas Navidades muy positivas, alcanzando su <strong>mejor registro hist\u00f3rico de kil\u00f3metros esquiables<\/strong> durante este periodo.<\/p>\n\n\n\n<h3 class=\"wp-block-heading\"><strong>Impacto econ\u00f3mico y dinamizaci\u00f3n de los valles<\/strong><\/h3>\n\n\n\n<p style=\"font-size:18px\">El <strong>elevado nivel de ocupaci\u00f3n<\/strong> registrado durante las Navidades pone de manifiesto el <strong>impacto del turismo de nieve en el territorio<\/strong>. La actividad generada en las estaciones ha contribuido de forma significativa a la <strong>dinamizaci\u00f3n econ\u00f3mica de los valles<\/strong> en los que opera el grupo, reforzando la actividad en los servicios tur\u00edsticos. Este comportamiento confirma el papel del Grupo Aram\u00f3n como uno de los principales referentes de la oferta tur\u00edstica de la regi\u00f3n, especialmente en periodos clave como las vacaciones de Navidad.<\/p>\n\n\n\n<h3 class=\"wp-block-heading\"><strong>Una Navidad llena de experiencias para todos los p\u00fablicos<\/strong><\/h3>\n\n\n\n<p style=\"font-size:18px\">La programaci\u00f3n navide\u00f1a ha incluido una amplia agenda de actividades y eventos para todos los p\u00fablicos, entre los que han destacado la <strong>visita de Pap\u00e1 Noel y los Reyes Magos<\/strong>, as\u00ed como los tradicionales <strong>descensos de antorchas<\/strong> en Cerler y Formigal-Panticosa, donde centenares de esquiadores protagonizaron una espectacular bajada nocturna que ilumin\u00f3 las estaciones en una noche m\u00e1gica.<\/p>\n\n\n\n<p style=\"font-size:18px\">En <strong>Javalambre<\/strong>, la Navidad ha estado especialmente enfocada al p\u00fablico familiar, con <strong>animaciones infantiles en las pistas de trineos<\/strong>, que han incluido juegos, carreras y actividades pensadas para los m\u00e1s peque\u00f1os. Por su parte, <strong>Valdelinares<\/strong> despidi\u00f3 el a\u00f1o con las tradicionales <strong>Campanadas en Altura<\/strong>, acompa\u00f1adas de m\u00fasica en directo en las terrazas de <strong>Sabina<\/strong> y <strong>La Caba\u00f1a 1.900<\/strong>, ofreciendo una forma diferente de celebrar la llegada del nuevo a\u00f1o en la monta\u00f1a.<\/p>\n\n\n\n<p style=\"font-size:18px\">El 31 de diciembre, <strong>Marchica<\/strong> se convirti\u00f3 en el epicentro de la Nochevieja en la nieve, reuniendo a <strong>miles de asistentes<\/strong> con motivo de la retransmisi\u00f3n en directo de las <strong>Campanadas de Mediaset<\/strong>, presentadas por Sandra Barneda y Xuso Jones, que llevaron la magia de la monta\u00f1a y la nieve a los hogares de Telecinco y Cuatro.<\/p>\n\n\n\n<p style=\"font-size:18px\">Durante esa misma tarde, Marchica acogi\u00f3 sesiones de Carlos Jean y Luc Loren y, tras las campanadas, la m\u00fasica continu\u00f3 en Formigal con la apertura de <strong>M Big Room<\/strong>. La Nochevieja tambi\u00e9n tuvo un papel destacado en Cerler, donde el apr\u00e8s-ski <strong>Rem\u00e1scaro<\/strong> celebr\u00f3 una cita especial con la sesi\u00f3n del DJ Alex Curreya.<\/p>\n\n\n\n<h3 class=\"wp-block-heading\"><strong>Programaci\u00f3n para este fin de semana<\/strong><\/h3>\n\n\n\n<p style=\"font-size:18px\">Ante la previsi\u00f3n de nuevas nevadas se espera un fin de semana con muy buenas condiciones de nieve. Adem\u00e1s, el apr\u00e8s-ski volver\u00e1 a ser uno de los grandes protagonistas en las estaciones del Grupo Aram\u00f3n, con una <strong>completa programaci\u00f3n musical<\/strong>. En <strong>Formigal-Panticosa<\/strong>, <strong>Marchica<\/strong> acoger\u00e1 el viernes la celebraci\u00f3n de <strong>Sweet Pyrenne<\/strong>, mientras que el s\u00e1bado ser\u00e1 el turno de <strong>DJ Lomas<\/strong>, que animar\u00e1 la tarde con una sesi\u00f3n marcada por el ritmo y el buen ambiente. Adem\u00e1s, las terrazas de la estaci\u00f3n ofrecer\u00e1n una variada programaci\u00f3n musical: el s\u00e1bado, <strong>El Igl\u00fa<\/strong> contar\u00e1 con la sesi\u00f3n de <strong>Xune<\/strong>, <strong>Caba\u00f1a Izas<\/strong> con <strong>Alex Tena<\/strong> y <strong>M The Club<\/strong> con <strong>Maik Man<\/strong>. El domingo, la m\u00fasica continuar\u00e1 en <strong>El Igl\u00fa<\/strong> con <strong>Le Villain<\/strong> y en la <strong>Terraza Sarrios<\/strong> con <strong>Arkaitz Rosales<\/strong>.<\/p>\n\n\n\n<p style=\"font-size:18px\">En la estaci\u00f3n de <strong>Cerler<\/strong>, el apr\u00e8s-ski <strong>Rem\u00e1scaro<\/strong> ofrecer\u00e1 sesiones especiales durante el fin de semana, con <strong>Suel<\/strong> el viernes y <strong>Quike AV<\/strong> el s\u00e1bado. Por su parte, <strong>Valdelinares<\/strong> tambi\u00e9n se sumar\u00e1 a la programaci\u00f3n musical el s\u00e1bado con la sesi\u00f3n de <strong>Topo<\/strong>, completando una propuesta de ocio que refuerza la <strong>combinaci\u00f3n de deporte, m\u00fasica y experiencias para todos los p\u00fablicos<\/strong> que caracteriza al Grupo Aram\u00f3n.<\/p>\n","protected":false},"excerpt":{"rendered":"<p>Cerler, Formigal-Panticosa, Javalambre y Valdelinares han ofrecido cerca de 200 kil\u00f3metros esquiables, duplicando su dominio con respecto a la pasada temporada, gracias a una apertura temprana y unas condiciones de nieve excepcionales.<\/p>\n","protected":false},"author":2,"featured_media":23255,"comment_status":"closed","ping_status":"closed","sticky":false,"template":"","format":"standard","meta":{"_acf_changed":false,"footnotes":""},"categories":[1,303,307,308,2152],"tags":[846,27,1007,32,34,436],"acf":[],"yoast_head":"<!-- This site is optimized with the Yoast SEO plugin v22.5 - https:\/\/yoast.com\/wordpress\/plugins\/seo\/ -->\n<title>El Grupo Aram\u00f3n cierra unas Navidades blancas de r\u00e9cord con 218.148 d\u00edas de esqu\u00ed - Blog Oficial del Grupo ARAM\u00d3N<\/title>\n<meta name=\"description\" content=\"Unas Navidades blancas, que han permitido a cerca de 220 mil esquiadores disfrutar de las estaciones de esqu\u00ed y el buen tiempo.\" \/>\n<meta name=\"robots\" content=\"index, follow, max-snippet:-1, max-image-preview:large, max-video-preview:-1\" \/>\n<link rel=\"canonical\" href=\"https:\/\/www.aramon.com\/blog\/barance-aramon-navidades\/\" \/>\n<meta property=\"og:locale\" content=\"es_ES\" \/>\n<meta property=\"og:type\" content=\"article\" \/>\n<meta property=\"og:title\" content=\"El Grupo Aram\u00f3n cierra unas Navidades blancas de r\u00e9cord con 218.148 d\u00edas de esqu\u00ed - Blog Oficial del Grupo ARAM\u00d3N\" \/>\n<meta property=\"og:description\" content=\"Unas Navidades blancas, que han permitido a cerca de 220 mil esquiadores disfrutar de las estaciones de esqu\u00ed y el buen tiempo.\" \/>\n<meta property=\"og:url\" content=\"https:\/\/www.aramon.com\/blog\/barance-aramon-navidades\/\" \/>\n<meta property=\"og:site_name\" content=\"Blog Oficial del Grupo ARAM\u00d3N\" \/>\n<meta property=\"article:published_time\" content=\"2026-01-10T08:52:10+00:00\" \/>\n<meta property=\"og:image\" content=\"https:\/\/www.aramon.com\/blog\/wp-content\/uploads\/2026\/01\/Antorchas_Formigal.jpg\" \/>\n\t<meta property=\"og:image:width\" content=\"1024\" \/>\n\t<meta property=\"og:image:height\" content=\"683\" \/>\n\t<meta property=\"og:image:type\" content=\"image\/jpeg\" \/>\n<meta name=\"author\" content=\"aramon\" \/>\n<meta name=\"twitter:card\" content=\"summary_large_image\" \/>\n<meta name=\"twitter:label1\" content=\"Escrito por\" \/>\n\t<meta name=\"twitter:data1\" content=\"aramon\" \/>\n\t<meta name=\"twitter:label2\" content=\"Tiempo de lectura\" \/>\n\t<meta name=\"twitter:data2\" content=\"4 minutos\" \/>\n<script type=\"application\/ld+json\" class=\"yoast-schema-graph\">{\"@context\":\"https:\/\/schema.org\",\"@graph\":[{\"@type\":\"WebPage\",\"@id\":\"https:\/\/www.aramon.com\/blog\/barance-aramon-navidades\/\",\"url\":\"https:\/\/www.aramon.com\/blog\/barance-aramon-navidades\/\",\"name\":\"El Grupo Aram\u00f3n cierra unas Navidades blancas de r\u00e9cord con 218.148 d\u00edas de esqu\u00ed - Blog Oficial del Grupo ARAM\u00d3N\",\"isPartOf\":{\"@id\":\"https:\/\/www.aramon.com\/blog\/#website\"},\"primaryImageOfPage\":{\"@id\":\"https:\/\/www.aramon.com\/blog\/barance-aramon-navidades\/#primaryimage\"},\"image\":{\"@id\":\"https:\/\/www.aramon.com\/blog\/barance-aramon-navidades\/#primaryimage\"},\"thumbnailUrl\":\"https:\/\/www.aramon.com\/blog\/wp-content\/uploads\/2026\/01\/Antorchas_Formigal.jpg\",\"datePublished\":\"2026-01-10T08:52:10+00:00\",\"dateModified\":\"2026-01-10T08:52:10+00:00\",\"author\":{\"@id\":\"https:\/\/www.aramon.com\/blog\/#\/schema\/person\/9429ffb451d657ab98f0ca1b364eeef3\"},\"description\":\"Unas Navidades blancas, que han permitido a cerca de 220 mil esquiadores disfrutar de las estaciones de esqu\u00ed y el buen tiempo.\",\"inLanguage\":\"es\",\"potentialAction\":[{\"@type\":\"ReadAction\",\"target\":[\"https:\/\/www.aramon.com\/blog\/barance-aramon-navidades\/\"]}]},{\"@type\":\"ImageObject\",\"inLanguage\":\"es\",\"@id\":\"https:\/\/www.aramon.com\/blog\/barance-aramon-navidades\/#primaryimage\",\"url\":\"https:\/\/www.aramon.com\/blog\/wp-content\/uploads\/2026\/01\/Antorchas_Formigal.jpg\",\"contentUrl\":\"https:\/\/www.aramon.com\/blog\/wp-content\/uploads\/2026\/01\/Antorchas_Formigal.jpg\",\"width\":12266,\"height\":8177,\"caption\":\"BAJADA DE ANTORCHAS FORMIGAL\"},{\"@type\":\"WebSite\",\"@id\":\"https:\/\/www.aramon.com\/blog\/#website\",\"url\":\"https:\/\/www.aramon.com\/blog\/\",\"name\":\"Blog Oficial del Grupo ARAM\u00d3N\",\"description\":\"Blog Oficial del Grupo Aram\u00f3n sobre estaciones de esqu\u00ed, monta\u00f1ismo, deportes de aventura y m\u00e1s en Arag\u00f3n.\",\"potentialAction\":[{\"@type\":\"SearchAction\",\"target\":{\"@type\":\"EntryPoint\",\"urlTemplate\":\"https:\/\/www.aramon.com\/blog\/?s={search_term_string}\"},\"query-input\":\"required name=search_term_string\"}],\"inLanguage\":\"es\"},{\"@type\":\"Person\",\"@id\":\"https:\/\/www.aramon.com\/blog\/#\/schema\/person\/9429ffb451d657ab98f0ca1b364eeef3\",\"name\":\"aramon\",\"image\":{\"@type\":\"ImageObject\",\"inLanguage\":\"es\",\"@id\":\"https:\/\/www.aramon.com\/blog\/#\/schema\/person\/image\/\",\"url\":\"https:\/\/secure.gravatar.com\/avatar\/d5fd0ede392e1af0e414b87f7568b4d5?s=96&d=mm&r=g\",\"contentUrl\":\"https:\/\/secure.gravatar.com\/avatar\/d5fd0ede392e1af0e414b87f7568b4d5?s=96&d=mm&r=g\",\"caption\":\"aramon\"},\"url\":\"https:\/\/www.aramon.com\/blog\/author\/aramon\/\"}]}<\/script>\n<!-- \/ Yoast SEO plugin. -->","yoast_head_json":{"title":"El Grupo Aram\u00f3n cierra unas Navidades blancas de r\u00e9cord con 218.148 d\u00edas de esqu\u00ed - Blog Oficial del Grupo ARAM\u00d3N","description":"Unas Navidades blancas, que han permitido a cerca de 220 mil esquiadores disfrutar de las estaciones de esqu\u00ed y el buen tiempo.","robots":{"index":"index","follow":"follow","max-snippet":"max-snippet:-1","max-image-preview":"max-image-preview:large","max-video-preview":"max-video-preview:-1"},"canonical":"https:\/\/www.aramon.com\/blog\/barance-aramon-navidades\/","og_locale":"es_ES","og_type":"article","og_title":"El Grupo Aram\u00f3n cierra unas Navidades blancas de r\u00e9cord con 218.148 d\u00edas de esqu\u00ed - Blog Oficial del Grupo ARAM\u00d3N","og_description":"Unas Navidades blancas, que han permitido a cerca de 220 mil esquiadores disfrutar de las estaciones de esqu\u00ed y el buen tiempo.","og_url":"https:\/\/www.aramon.com\/blog\/barance-aramon-navidades\/","og_site_name":"Blog Oficial del Grupo ARAM\u00d3N","article_published_time":"2026-01-10T08:52:10+00:00","og_image":[{"url":"https:\/\/www.aramon.com\/blog\/wp-content\/uploads\/2026\/01\/Antorchas_Formigal.jpg","width":1024,"height":683,"type":"image\/jpeg"}],"author":"aramon","twitter_card":"summary_large_image","twitter_misc":{"Escrito por":"aramon","Tiempo de lectura":"4 minutos"},"schema":{"@context":"https:\/\/schema.org","@graph":[{"@type":"WebPage","@id":"https:\/\/www.aramon.com\/blog\/barance-aramon-navidades\/","url":"https:\/\/www.aramon.com\/blog\/barance-aramon-navidades\/","name":"El Grupo Aram\u00f3n cierra unas Navidades blancas de r\u00e9cord con 218.148 d\u00edas de esqu\u00ed - Blog Oficial del Grupo ARAM\u00d3N","isPartOf":{"@id":"https:\/\/www.aramon.com\/blog\/#website"},"primaryImageOfPage":{"@id":"https:\/\/www.aramon.com\/blog\/barance-aramon-navidades\/#primaryimage"},"image":{"@id":"https:\/\/www.aramon.com\/blog\/barance-aramon-navidades\/#primaryimage"},"thumbnailUrl":"https:\/\/www.aramon.com\/blog\/wp-content\/uploads\/2026\/01\/Antorchas_Formigal.jpg","datePublished":"2026-01-10T08:52:10+00:00","dateModified":"2026-01-10T08:52:10+00:00","author":{"@id":"https:\/\/www.aramon.com\/blog\/#\/schema\/person\/9429ffb451d657ab98f0ca1b364eeef3"},"description":"Unas Navidades blancas, que han permitido a cerca de 220 mil esquiadores disfrutar de las estaciones de esqu\u00ed y el buen tiempo.","inLanguage":"es","potentialAction":[{"@type":"ReadAction","target":["https:\/\/www.aramon.com\/blog\/barance-aramon-navidades\/"]}]},{"@type":"ImageObject","inLanguage":"es","@id":"https:\/\/www.aramon.com\/blog\/barance-aramon-navidades\/#primaryimage","url":"https:\/\/www.aramon.com\/blog\/wp-content\/uploads\/2026\/01\/Antorchas_Formigal.jpg","contentUrl":"https:\/\/www.aramon.com\/blog\/wp-content\/uploads\/2026\/01\/Antorchas_Formigal.jpg","width":12266,"height":8177,"caption":"BAJADA DE ANTORCHAS FORMIGAL"},{"@type":"WebSite","@id":"https:\/\/www.aramon.com\/blog\/#website","url":"https:\/\/www.aramon.com\/blog\/","name":"Blog Oficial del Grupo ARAM\u00d3N","description":"Blog Oficial del Grupo Aram\u00f3n sobre estaciones de esqu\u00ed, monta\u00f1ismo, deportes de aventura y m\u00e1s en Arag\u00f3n.","potentialAction":[{"@type":"SearchAction","target":{"@type":"EntryPoint","urlTemplate":"https:\/\/www.aramon.com\/blog\/?s={search_term_string}"},"query-input":"required name=search_term_string"}],"inLanguage":"es"},{"@type":"Person","@id":"https:\/\/www.aramon.com\/blog\/#\/schema\/person\/9429ffb451d657ab98f0ca1b364eeef3","name":"aramon","image":{"@type":"ImageObject","inLanguage":"es","@id":"https:\/\/www.aramon.com\/blog\/#\/schema\/person\/image\/","url":"https:\/\/secure.gravatar.com\/avatar\/d5fd0ede392e1af0e414b87f7568b4d5?s=96&d=mm&r=g","contentUrl":"https:\/\/secure.gravatar.com\/avatar\/d5fd0ede392e1af0e414b87f7568b4d5?s=96&d=mm&r=g","caption":"aramon"},"url":"https:\/\/www.aramon.com\/blog\/author\/aramon\/"}]}},"_links":{"self":[{"href":"https:\/\/www.aramon.com\/blog\/wp-json\/wp\/v2\/posts\/23253"}],"collection":[{"href":"https:\/\/www.aramon.com\/blog\/wp-json\/wp\/v2\/posts"}],"about":[{"href":"https:\/\/www.aramon.com\/blog\/wp-json\/wp\/v2\/types\/post"}],"author":[{"embeddable":true,"href":"https:\/\/www.aramon.com\/blog\/wp-json\/wp\/v2\/users\/2"}],"replies":[{"embeddable":true,"href":"https:\/\/www.aramon.com\/blog\/wp-json\/wp\/v2\/comments?post=23253"}],"version-history":[{"count":2,"href":"https:\/\/www.aramon.com\/blog\/wp-json\/wp\/v2\/posts\/23253\/revisions"}],"predecessor-version":[{"id":23256,"href":"https:\/\/www.aramon.com\/blog\/wp-json\/wp\/v2\/posts\/23253\/revisions\/23256"}],"wp:featuredmedia":[{"embeddable":true,"href":"https:\/\/www.aramon.com\/blog\/wp-json\/wp\/v2\/media\/23255"}],"wp:attachment":[{"href":"https:\/\/www.aramon.com\/blog\/wp-json\/wp\/v2\/media?parent=23253"}],"wp:term":[{"taxonomy":"category","embeddable":true,"href":"https:\/\/www.aramon.com\/blog\/wp-json\/wp\/v2\/categories?post=23253"},{"taxonomy":"post_tag","embeddable":true,"href":"https:\/\/www.aramon.com\/blog\/wp-json\/wp\/v2\/tags?post=23253"}],"curies":[{"name":"wp","href":"https:\/\/api.w.org\/{rel}","templated":true}]}}