{"id":23269,"date":"2026-01-16T15:40:04","date_gmt":"2026-01-16T14:40:04","guid":{"rendered":"https:\/\/www.aramon.com\/blog\/?p=23269"},"modified":"2026-01-16T15:40:05","modified_gmt":"2026-01-16T14:40:05","slug":"medusa-winter-takeover-marchica","status":"publish","type":"post","link":"https:\/\/www.aramon.com\/blog\/medusa-winter-takeover-marchica\/","title":{"rendered":"El Grupo Aram\u00f3n encara el fin de semana con el estreno del Medusa Winter Takeover y la celebraci\u00f3n del D\u00eda Mundial de la Nieve"},"content":{"rendered":"\n<p style=\"font-size:18px\"><strong>El Grupo Aram\u00f3n<\/strong> afronta uno de los fines de semana con la mayor oferta del invierno de la temporada, combinando <strong>esqu\u00ed, competiciones, actividades familiares y el debut del Medusa Winter Takeover<\/strong> en Marchica. Las estaciones del grupo ofrecer\u00e1n <strong>m\u00e1s de 210 kil\u00f3metros esquiables<\/strong> entre Cerler, Formigal-Panticosa, Javalambre y Valdelinares.<\/p>\n\n\n\n<p style=\"font-size:18px\">El <strong>festival Medusa<\/strong>, uno de los referentes nacionales de la m\u00fasica electr\u00f3nica, estrenar\u00e1 este s\u00e1bado un nuevo formato adaptado al entorno invernal: el <a href=\"https:\/\/www.aramon.com\/m-experience\/formigal-panticosa\/marchica#events\/-medusa-takeover-17-01-2026-GC4R?hide=flyer,backarrow\"><strong>Medusa Winter Takeover<\/strong><\/a>. La cita se celebrar\u00e1 en Marchica, el apr\u00e8s-ski de Formigal-Panticosa, a partir de las 17:00 h, trasladando por primera vez el universo Medusa a un escenario de nieve con electr\u00f3nica y producci\u00f3n audiovisual. El cartel incluir\u00e1, entre otros artistas, al d\u00fao internacional <strong>Vini Vici<\/strong>, referentes mundiales del&nbsp;psytrance, el d\u00fao italiano <strong>DJs From Mars<\/strong> y <strong>2Serna<\/strong>, formado por el hist\u00f3rico&nbsp;<strong>Miguel Serna<\/strong>&nbsp;y su hija&nbsp;<strong>Brenda Serna<\/strong>, una de las revelaciones recientes de la electr\u00f3nica nacional.<\/p>\n\n\n\n<p style=\"font-size:18px\">El estreno del Medusa Winter Takeover coincidir\u00e1 con uno de los mejores momentos del invierno, ofreciendo este fin de semana m\u00e1s de <strong>210 kil\u00f3metros esquiables<\/strong> entre todas sus estaciones. Se trata de <strong>la mayor oferta del invierno hasta la fecha<\/strong> y consolida el atractivo del destino, que suma deporte, ocio y apr\u00e8s-ski.<\/p>\n\n\n\n<h3 class=\"wp-block-heading\">Eventos deportivos<\/h3>\n\n\n\n<p style=\"font-size:18px\">La estaci\u00f3n de Formigal-Panticosa acoger\u00e1 una completa programaci\u00f3n deportiva de categor\u00edas base y competiciones nacionales. El s\u00e1bado se disputar\u00e1 el <strong>Trofeo Panticosa U10\/U12<\/strong>, con prueba de Gigante en la pista Stadium, mientras que el domingo se celebrar\u00e1 en Formigal el <strong>Trofeo Paco el Maestro U10\/U12<\/strong>, en formato SL en la pista Cronoslalom.<\/p>\n\n\n\n<p style=\"font-size:18px\">En Cerler tendr\u00e1 lugar la <strong>segunda fase de la Copa de Espa\u00f1a U14\/U16<\/strong>, con pruebas de Supergigante el viernes y s\u00e1bado y Slalom el domingo, una de las citas destacadas del calendario formativo nacional.<\/p>\n\n\n\n<p style=\"font-size:18px\">Adem\u00e1s, el domingo se celebrar\u00e1 el <strong>D\u00eda Mundial de la Nieve (World Snow Day)<\/strong> con actividades orientadas al p\u00fablico infantil y a familias. En Formigal-Panticosa se organizar\u00e1 una bajada con Snowy desde el Llano de Cantal hasta Sextas, mientras que en Javalambre y en Valdelinares los m\u00e1s peque\u00f1os podr\u00e1n participar en una bajada conjunta con Snowy, disfrutar de una chocolatada y de actividades de animaci\u00f3n infantil en Snowy Trineos.<\/p>\n\n\n\n<h3 class=\"wp-block-heading\">Agenda musical<\/h3>\n\n\n\n<p style=\"font-size:18px\">Adem\u00e1s del estreno del Medusa Winter Takeover, el fin de semana contar\u00e1 con una amplia programaci\u00f3n musical impulsada por <strong>Marchica Experience<\/strong> con propuestas en todas las estaciones. En Formigal-Panticosa, la agenda se abrir\u00e1 el viernes con el <strong>show especial Pure Marchica<\/strong> y el s\u00e1bado comenzar\u00e1 con una <strong>preparty del Medusa Takeover<\/strong>, que tendr\u00e1 lugar en <strong>Caba\u00f1a Garmet Lounge<\/strong> de 12:00 h a 15:30 h con <strong>Sara de Araujo <\/strong>y <strong>Pive<\/strong> al frente. El s\u00e1bado la m\u00fasica tambi\u00e9n ser\u00e1 protagonista en las sesiones previstas en <strong>El Igl\u00fa<\/strong> con <strong>Xune<\/strong>, en <strong>Caba\u00f1a Izas <\/strong>con <strong>Alex Tena y <\/strong>actuaci\u00f3n de saxof\u00f3n en directo, en <strong>M the Club <\/strong>con <strong>Maik Man<\/strong>, en <strong>Cantal<\/strong> con <strong>Leo Susana<\/strong> y en <strong>M Big Room<\/strong> con <strong>Mawey, Arkaitz y Arnny Montana<\/strong>. El domingo, la propuesta de apr\u00e8s-ski continuar\u00e1 con <strong>David Nal en Marchica<\/strong>, junto a <strong>Le Villain<\/strong> en <strong>El Igl\u00fa<\/strong> y <strong>Andr\u00e9s Macnamara<\/strong> en <strong>Caba\u00f1a Garmet Lounge.<\/strong><\/p>\n\n\n\n<p style=\"font-size:18px\">En Cerler, tendr\u00e1 lugar <strong>Rem\u00e1scaro Homies<\/strong> el viernes y la actuaci\u00f3n de <strong>Ardiya<\/strong> el s\u00e1bado. En Teruel, <strong>Valdelinares<\/strong> acoger\u00e1 la actuaci\u00f3n de <strong>Ele<\/strong> el s\u00e1bado y <strong>Panacas<\/strong> el domingo, completando as\u00ed la oferta musical del fin de semana.<\/p>\n\n\n\n<h3 class=\"wp-block-heading\">Viajes Aram\u00f3n<\/h3>\n\n\n\n<p style=\"font-size:18px\">Para quienes deseen planificar una escapada completa a la nieve, <a href=\"https:\/\/www.aramon.com\/ofertas-esqui-aramon\"><strong>Viajes Aram\u00f3n<\/strong><\/a> ofrece diferentes opciones de alojamiento y paquetes combinados con forfait y actividades, adaptados a familias, grupos de amigos y visitantes que buscan estancias de fin de semana o vacaciones m\u00e1s prolongadas. <strong>Adem\u00e1s, hasta el domingo 18 de enero se mantienen ofertas en forfaits y packs familiares<\/strong>, pensadas para aprovechar las buenas condiciones de nieve y la agenda del fin de semana. Los paquetes permiten reservar alojamiento, servicios de nieve y experiencias asociadas en un mismo producto, facilitando la organizaci\u00f3n del viaje y optimizando el aprovechamiento de la visita.<\/p>\n","protected":false},"excerpt":{"rendered":"<p>Medusa inaugurar\u00e1 en Marchica su primer formato invernal, llevando la m\u00fasica electr\u00f3nica al apr\u00e8s-ski de Formigal-Panticosa<\/p>\n","protected":false},"author":2,"featured_media":23273,"comment_status":"closed","ping_status":"closed","sticky":false,"template":"","format":"standard","meta":{"_acf_changed":false,"footnotes":""},"categories":[1,303,307,308,2152],"tags":[2567,2611,27,2612,32,34],"acf":[],"yoast_head":"<!-- This site is optimized with the Yoast SEO plugin v22.5 - https:\/\/yoast.com\/wordpress\/plugins\/seo\/ -->\n<title>El Grupo Aram\u00f3n encara el fin de semana con el estreno del Medusa Winter Takeover y la celebraci\u00f3n del D\u00eda Mundial de la Nieve - Blog Oficial del Grupo ARAM\u00d3N<\/title>\n<meta name=\"description\" content=\"M\u00e1s de 210 kil\u00f3metros esquiables consolidan uno de los fines de semana de mayor oferta de la temporada en el Grupo Aram\u00f3n\" \/>\n<meta name=\"robots\" content=\"index, follow, max-snippet:-1, max-image-preview:large, max-video-preview:-1\" \/>\n<link rel=\"canonical\" href=\"https:\/\/www.aramon.com\/blog\/medusa-winter-takeover-marchica\/\" \/>\n<meta property=\"og:locale\" content=\"es_ES\" \/>\n<meta property=\"og:type\" content=\"article\" \/>\n<meta property=\"og:title\" content=\"El Grupo Aram\u00f3n encara el fin de semana con el estreno del Medusa Winter Takeover y la celebraci\u00f3n del D\u00eda Mundial de la Nieve - Blog Oficial del Grupo ARAM\u00d3N\" \/>\n<meta property=\"og:description\" content=\"M\u00e1s de 210 kil\u00f3metros esquiables consolidan uno de los fines de semana de mayor oferta de la temporada en el Grupo Aram\u00f3n\" \/>\n<meta property=\"og:url\" content=\"https:\/\/www.aramon.com\/blog\/medusa-winter-takeover-marchica\/\" \/>\n<meta property=\"og:site_name\" content=\"Blog Oficial del Grupo ARAM\u00d3N\" \/>\n<meta property=\"article:published_time\" content=\"2026-01-16T14:40:04+00:00\" \/>\n<meta property=\"article:modified_time\" content=\"2026-01-16T14:40:05+00:00\" \/>\n<meta property=\"og:image\" content=\"https:\/\/www.aramon.com\/blog\/wp-content\/uploads\/2026\/01\/Marchica-2-scaled.jpg\" \/>\n\t<meta property=\"og:image:width\" content=\"2560\" \/>\n\t<meta property=\"og:image:height\" content=\"1440\" \/>\n\t<meta property=\"og:image:type\" content=\"image\/jpeg\" \/>\n<meta name=\"author\" content=\"aramon\" \/>\n<meta name=\"twitter:card\" content=\"summary_large_image\" \/>\n<meta name=\"twitter:label1\" content=\"Escrito por\" \/>\n\t<meta name=\"twitter:data1\" content=\"aramon\" \/>\n\t<meta name=\"twitter:label2\" content=\"Tiempo de lectura\" \/>\n\t<meta name=\"twitter:data2\" content=\"4 minutos\" \/>\n<script type=\"application\/ld+json\" class=\"yoast-schema-graph\">{\"@context\":\"https:\/\/schema.org\",\"@graph\":[{\"@type\":\"WebPage\",\"@id\":\"https:\/\/www.aramon.com\/blog\/medusa-winter-takeover-marchica\/\",\"url\":\"https:\/\/www.aramon.com\/blog\/medusa-winter-takeover-marchica\/\",\"name\":\"El Grupo Aram\u00f3n encara el fin de semana con el estreno del Medusa Winter Takeover y la celebraci\u00f3n del D\u00eda Mundial de la Nieve - Blog Oficial del Grupo ARAM\u00d3N\",\"isPartOf\":{\"@id\":\"https:\/\/www.aramon.com\/blog\/#website\"},\"primaryImageOfPage\":{\"@id\":\"https:\/\/www.aramon.com\/blog\/medusa-winter-takeover-marchica\/#primaryimage\"},\"image\":{\"@id\":\"https:\/\/www.aramon.com\/blog\/medusa-winter-takeover-marchica\/#primaryimage\"},\"thumbnailUrl\":\"https:\/\/www.aramon.com\/blog\/wp-content\/uploads\/2026\/01\/Marchica-2-scaled.jpg\",\"datePublished\":\"2026-01-16T14:40:04+00:00\",\"dateModified\":\"2026-01-16T14:40:05+00:00\",\"author\":{\"@id\":\"https:\/\/www.aramon.com\/blog\/#\/schema\/person\/9429ffb451d657ab98f0ca1b364eeef3\"},\"description\":\"M\u00e1s de 210 kil\u00f3metros esquiables consolidan uno de los fines de semana de mayor oferta de la temporada en el Grupo Aram\u00f3n\",\"inLanguage\":\"es\",\"potentialAction\":[{\"@type\":\"ReadAction\",\"target\":[\"https:\/\/www.aramon.com\/blog\/medusa-winter-takeover-marchica\/\"]}]},{\"@type\":\"ImageObject\",\"inLanguage\":\"es\",\"@id\":\"https:\/\/www.aramon.com\/blog\/medusa-winter-takeover-marchica\/#primaryimage\",\"url\":\"https:\/\/www.aramon.com\/blog\/wp-content\/uploads\/2026\/01\/Marchica-2-scaled.jpg\",\"contentUrl\":\"https:\/\/www.aramon.com\/blog\/wp-content\/uploads\/2026\/01\/Marchica-2-scaled.jpg\",\"width\":2560,\"height\":1440,\"caption\":\"Nevalia\"},{\"@type\":\"WebSite\",\"@id\":\"https:\/\/www.aramon.com\/blog\/#website\",\"url\":\"https:\/\/www.aramon.com\/blog\/\",\"name\":\"Blog Oficial del Grupo ARAM\u00d3N\",\"description\":\"Blog Oficial del Grupo Aram\u00f3n sobre estaciones de esqu\u00ed, monta\u00f1ismo, deportes de aventura y m\u00e1s en Arag\u00f3n.\",\"potentialAction\":[{\"@type\":\"SearchAction\",\"target\":{\"@type\":\"EntryPoint\",\"urlTemplate\":\"https:\/\/www.aramon.com\/blog\/?s={search_term_string}\"},\"query-input\":\"required name=search_term_string\"}],\"inLanguage\":\"es\"},{\"@type\":\"Person\",\"@id\":\"https:\/\/www.aramon.com\/blog\/#\/schema\/person\/9429ffb451d657ab98f0ca1b364eeef3\",\"name\":\"aramon\",\"image\":{\"@type\":\"ImageObject\",\"inLanguage\":\"es\",\"@id\":\"https:\/\/www.aramon.com\/blog\/#\/schema\/person\/image\/\",\"url\":\"https:\/\/secure.gravatar.com\/avatar\/d5fd0ede392e1af0e414b87f7568b4d5?s=96&d=mm&r=g\",\"contentUrl\":\"https:\/\/secure.gravatar.com\/avatar\/d5fd0ede392e1af0e414b87f7568b4d5?s=96&d=mm&r=g\",\"caption\":\"aramon\"},\"url\":\"https:\/\/www.aramon.com\/blog\/author\/aramon\/\"}]}<\/script>\n<!-- \/ Yoast SEO plugin. -->","yoast_head_json":{"title":"El Grupo Aram\u00f3n encara el fin de semana con el estreno del Medusa Winter Takeover y la celebraci\u00f3n del D\u00eda Mundial de la Nieve - Blog Oficial del Grupo ARAM\u00d3N","description":"M\u00e1s de 210 kil\u00f3metros esquiables consolidan uno de los fines de semana de mayor oferta de la temporada en el Grupo Aram\u00f3n","robots":{"index":"index","follow":"follow","max-snippet":"max-snippet:-1","max-image-preview":"max-image-preview:large","max-video-preview":"max-video-preview:-1"},"canonical":"https:\/\/www.aramon.com\/blog\/medusa-winter-takeover-marchica\/","og_locale":"es_ES","og_type":"article","og_title":"El Grupo Aram\u00f3n encara el fin de semana con el estreno del Medusa Winter Takeover y la celebraci\u00f3n del D\u00eda Mundial de la Nieve - Blog Oficial del Grupo ARAM\u00d3N","og_description":"M\u00e1s de 210 kil\u00f3metros esquiables consolidan uno de los fines de semana de mayor oferta de la temporada en el Grupo Aram\u00f3n","og_url":"https:\/\/www.aramon.com\/blog\/medusa-winter-takeover-marchica\/","og_site_name":"Blog Oficial del Grupo ARAM\u00d3N","article_published_time":"2026-01-16T14:40:04+00:00","article_modified_time":"2026-01-16T14:40:05+00:00","og_image":[{"width":2560,"height":1440,"url":"https:\/\/www.aramon.com\/blog\/wp-content\/uploads\/2026\/01\/Marchica-2-scaled.jpg","type":"image\/jpeg"}],"author":"aramon","twitter_card":"summary_large_image","twitter_misc":{"Escrito por":"aramon","Tiempo de lectura":"4 minutos"},"schema":{"@context":"https:\/\/schema.org","@graph":[{"@type":"WebPage","@id":"https:\/\/www.aramon.com\/blog\/medusa-winter-takeover-marchica\/","url":"https:\/\/www.aramon.com\/blog\/medusa-winter-takeover-marchica\/","name":"El Grupo Aram\u00f3n encara el fin de semana con el estreno del Medusa Winter Takeover y la celebraci\u00f3n del D\u00eda Mundial de la Nieve - Blog Oficial del Grupo ARAM\u00d3N","isPartOf":{"@id":"https:\/\/www.aramon.com\/blog\/#website"},"primaryImageOfPage":{"@id":"https:\/\/www.aramon.com\/blog\/medusa-winter-takeover-marchica\/#primaryimage"},"image":{"@id":"https:\/\/www.aramon.com\/blog\/medusa-winter-takeover-marchica\/#primaryimage"},"thumbnailUrl":"https:\/\/www.aramon.com\/blog\/wp-content\/uploads\/2026\/01\/Marchica-2-scaled.jpg","datePublished":"2026-01-16T14:40:04+00:00","dateModified":"2026-01-16T14:40:05+00:00","author":{"@id":"https:\/\/www.aramon.com\/blog\/#\/schema\/person\/9429ffb451d657ab98f0ca1b364eeef3"},"description":"M\u00e1s de 210 kil\u00f3metros esquiables consolidan uno de los fines de semana de mayor oferta de la temporada en el Grupo Aram\u00f3n","inLanguage":"es","potentialAction":[{"@type":"ReadAction","target":["https:\/\/www.aramon.com\/blog\/medusa-winter-takeover-marchica\/"]}]},{"@type":"ImageObject","inLanguage":"es","@id":"https:\/\/www.aramon.com\/blog\/medusa-winter-takeover-marchica\/#primaryimage","url":"https:\/\/www.aramon.com\/blog\/wp-content\/uploads\/2026\/01\/Marchica-2-scaled.jpg","contentUrl":"https:\/\/www.aramon.com\/blog\/wp-content\/uploads\/2026\/01\/Marchica-2-scaled.jpg","width":2560,"height":1440,"caption":"Nevalia"},{"@type":"WebSite","@id":"https:\/\/www.aramon.com\/blog\/#website","url":"https:\/\/www.aramon.com\/blog\/","name":"Blog Oficial del Grupo ARAM\u00d3N","description":"Blog Oficial del Grupo Aram\u00f3n sobre estaciones de esqu\u00ed, monta\u00f1ismo, deportes de aventura y m\u00e1s en Arag\u00f3n.","potentialAction":[{"@type":"SearchAction","target":{"@type":"EntryPoint","urlTemplate":"https:\/\/www.aramon.com\/blog\/?s={search_term_string}"},"query-input":"required name=search_term_string"}],"inLanguage":"es"},{"@type":"Person","@id":"https:\/\/www.aramon.com\/blog\/#\/schema\/person\/9429ffb451d657ab98f0ca1b364eeef3","name":"aramon","image":{"@type":"ImageObject","inLanguage":"es","@id":"https:\/\/www.aramon.com\/blog\/#\/schema\/person\/image\/","url":"https:\/\/secure.gravatar.com\/avatar\/d5fd0ede392e1af0e414b87f7568b4d5?s=96&d=mm&r=g","contentUrl":"https:\/\/secure.gravatar.com\/avatar\/d5fd0ede392e1af0e414b87f7568b4d5?s=96&d=mm&r=g","caption":"aramon"},"url":"https:\/\/www.aramon.com\/blog\/author\/aramon\/"}]}},"_links":{"self":[{"href":"https:\/\/www.aramon.com\/blog\/wp-json\/wp\/v2\/posts\/23269"}],"collection":[{"href":"https:\/\/www.aramon.com\/blog\/wp-json\/wp\/v2\/posts"}],"about":[{"href":"https:\/\/www.aramon.com\/blog\/wp-json\/wp\/v2\/types\/post"}],"author":[{"embeddable":true,"href":"https:\/\/www.aramon.com\/blog\/wp-json\/wp\/v2\/users\/2"}],"replies":[{"embeddable":true,"href":"https:\/\/www.aramon.com\/blog\/wp-json\/wp\/v2\/comments?post=23269"}],"version-history":[{"count":2,"href":"https:\/\/www.aramon.com\/blog\/wp-json\/wp\/v2\/posts\/23269\/revisions"}],"predecessor-version":[{"id":23272,"href":"https:\/\/www.aramon.com\/blog\/wp-json\/wp\/v2\/posts\/23269\/revisions\/23272"}],"wp:featuredmedia":[{"embeddable":true,"href":"https:\/\/www.aramon.com\/blog\/wp-json\/wp\/v2\/media\/23273"}],"wp:attachment":[{"href":"https:\/\/www.aramon.com\/blog\/wp-json\/wp\/v2\/media?parent=23269"}],"wp:term":[{"taxonomy":"category","embeddable":true,"href":"https:\/\/www.aramon.com\/blog\/wp-json\/wp\/v2\/categories?post=23269"},{"taxonomy":"post_tag","embeddable":true,"href":"https:\/\/www.aramon.com\/blog\/wp-json\/wp\/v2\/tags?post=23269"}],"curies":[{"name":"wp","href":"https:\/\/api.w.org\/{rel}","templated":true}]}}