{"id":23457,"date":"2026-03-04T18:00:00","date_gmt":"2026-03-04T17:00:00","guid":{"rendered":"https:\/\/www.aramon.com\/blog\/?p=23457"},"modified":"2026-03-07T09:12:42","modified_gmt":"2026-03-07T08:12:42","slug":"grupo-aramon-nevalia","status":"publish","type":"post","link":"https:\/\/www.aramon.com\/blog\/grupo-aramon-nevalia\/","title":{"rendered":"El Grupo Aram\u00f3n se prepara para el primer fin de semana de marzo con Nevalia como gran cita de la temporada"},"content":{"rendered":"\n<p style=\"font-size:18px\"><strong>El Grupo Aram\u00f3n <\/strong>afronta el primer fin de semana de marzo con m\u00e1s de 270 kil\u00f3metros esquiables y la pr\u00e1ctica totalidad de sus dominios abiertos, consolidando una amplia oferta para la pr\u00e1ctica del esqu\u00ed y el snowboard en todas sus estaciones.<\/p>\n\n\n\n<p style=\"font-size:18px\">En este escenario, el apr\u00e8s-ski Marchica, en Formigal, acoge el s\u00e1bado la quinta edici\u00f3n de <strong>Nevalia<\/strong>, una de las experiencias apr\u00e8s-ski m\u00e1s relevantes del panorama nacional, consolidada como punto de encuentro para la m\u00fasica, la cultura digital y la Generaci\u00f3n Z.<\/p>\n\n\n\n<p style=\"font-size:18px\">La jornada central tendr\u00e1 lugar en Marchica con el d\u00fao australiano <strong>Nervo<\/strong>, referente internacional del electronic dance music y habitual en festivales como Tomorrowland o Ultra Music Festival. Adem\u00e1s, el s\u00e1bado al mediod\u00eda, en un escenario sorpresa de la estaci\u00f3n, actuar\u00e1 Leire Mart\u00ednez, una de las voces m\u00e1s reconocibles del pop espa\u00f1ol, que presentar\u00e1 su nueva etapa en solitario.<\/p>\n\n\n\n<p style=\"font-size:18px\">Durante el fin de semana m\u00e1s de 200 invitados vivir\u00e1n una programaci\u00f3n que combina actividades en pistas, fiestas tem\u00e1ticas, sesiones DJ y experiencias diferenciadas, reforzando el posicionamiento de Formigal como estaci\u00f3n que integra deporte y ocio en una experiencia completa.<\/p>\n\n\n\n<p style=\"font-size:18px\">Como en cada edici\u00f3n, Nevalia volver\u00e1 a reunir a algunos de los rostros m\u00e1s seguidos del momento. Entre los invitados confirmados destacan Marina Rivers, Carlota Melendi, Peldanyos o Ibelky.<\/p>\n\n\n\n<h3 class=\"wp-block-heading\">Eventos deportivos en todas las estaciones<\/h3>\n\n\n\n<p style=\"font-size:18px\">El fin de semana estar\u00e1 marcado tambi\u00e9n por una intensa <strong>agenda deportiva<\/strong> en distintas disciplinas y estaciones del grupo.<\/p>\n\n\n\n<p style=\"font-size:18px\">En <strong>Cerler<\/strong>, la pista Las Codornices del sector Ampriu acoger\u00e1 el <strong>XXIX Trofeo Pitarroy<\/strong>, organizado por el Club Cerler Aneto. Considerada la prueba reina del calendario nacional benjam\u00edn y alev\u00edn, reunir\u00e1 a j\u00f3venes corredores de categor\u00edas U10 y U12 en dos pruebas de slalom gigante, consolidando a la estaci\u00f3n como referencia en la formaci\u00f3n de la cantera del esqu\u00ed alpino.<\/p>\n\n\n\n<p style=\"font-size:18px\">Tambi\u00e9n en Cerler, el Terrain Park Rinc\u00f3n del Cielo celebrar\u00e1 el d\u00e9cimo aniversario de la <strong>KDD Pollinas Tribu<\/strong>, un encuentro que naci\u00f3 como convocatoria de snowboarders y que hoy es una de las citas freestyle m\u00e1s consolidadas del panorama nacional. El s\u00e1bado se desarrollar\u00e1 una expression session con concursos de ollies y limbo, con premios para los participantes, y el domingo tendr\u00e1 lugar una bajada conjunta por la estaci\u00f3n abierta tanto a snowboarders como a esquiadores.<\/p>\n\n\n\n<p style=\"font-size:18px\">En <strong>Formigal<\/strong>, el domingo el Tubo del Pino ser\u00e1 escenario del <strong>Social Freeride FEC<\/strong>, una cita que permitir\u00e1 a los participantes demostrar t\u00e9cnica y creatividad en uno de los entornos m\u00e1s caracter\u00edsticos de la estaci\u00f3n, ofreciendo un espect\u00e1culo deportivo de gran atractivo visual.<\/p>\n\n\n\n<p style=\"font-size:18px\"><strong>Javalambre<\/strong> ofrecer\u00e1 <strong>animaci\u00f3n en la zona de trineos<\/strong> y la tradicional <strong>Bajada de Antorchas<\/strong>, uno de los momentos m\u00e1s emblem\u00e1ticos de la temporada. En <strong>Valdelinares<\/strong> el fin de semana incluir\u00e1 un test de material organizado por Deportes Alvarado.<\/p>\n\n\n\n<h3 class=\"wp-block-heading\">Marchica Experience: programaci\u00f3n musical<\/h3>\n\n\n\n<p style=\"font-size:18px\">La agenda de ocio del fin de semana se completa con la programaci\u00f3n de <strong>Marchica Experience<\/strong>, el concepto que engloba los distintos escenarios musicales repartidos por las estaciones del grupo.<\/p>\n\n\n\n<p style=\"font-size:18px\">En <strong>Marchica <\/strong>la semana se articula como una programaci\u00f3n progresiva que culmina el s\u00e1bado con Nevalia. El mi\u00e9rcoles ser\u00e1 el turno de <strong>Sweet Pyrenne<\/strong>, el jueves de <strong>Pure Marchica<\/strong> y el viernes de <strong>Michenlo<\/strong>. El domingo, <strong>David Nal<\/strong> pondr\u00e1 el cierre a la semana.<\/p>\n\n\n\n<p style=\"font-size:18px\">En <strong>Rem\u00e1scaro<\/strong>, en Cerler, la programaci\u00f3n musical arrancar\u00e1 el viernes con <strong>Andri &amp; Kals<\/strong> y el s\u00e1bado con <strong>Carlos Jean<\/strong>, consolidando este espacio como punto de encuentro tras la jornada en pistas en el Valle de Benasque.<\/p>\n\n\n\n<p style=\"font-size:18px\">Por su parte, <strong>Valdelinares<\/strong> se suma a la programaci\u00f3n el s\u00e1bado con la actuaci\u00f3n de <strong>Panacas<\/strong>, coincidiendo con la Bajada de Antorchas.<\/p>\n","protected":false},"excerpt":{"rendered":"<p>Este s\u00e1bado aterriza en Marchica la quinta edici\u00f3n de Nevalia con el d\u00fao australiano Nervo como cabeza de cartel y la actuaci\u00f3n especial de Leire Mart\u00ednez.<\/p>\n","protected":false},"author":2,"featured_media":23459,"comment_status":"closed","ping_status":"closed","sticky":false,"template":"","format":"standard","meta":{"_acf_changed":false,"footnotes":""},"categories":[1,303,307,308,2152],"tags":[2624,27,32,34],"acf":[],"yoast_head":"<!-- This site is optimized with the Yoast SEO plugin v22.5 - https:\/\/yoast.com\/wordpress\/plugins\/seo\/ -->\n<title>El Grupo Aram\u00f3n se prepara para el primer fin de semana de marzo con Nevalia como gran cita de la temporada - Blog Oficial del Grupo ARAM\u00d3N<\/title>\n<meta name=\"description\" content=\"Competiciones de esqu\u00ed alpino, freeride y freestyle completan la agenda en todas las estaciones que ofrecen m\u00e1s de 270 km esquiables.\" \/>\n<meta name=\"robots\" content=\"index, follow, max-snippet:-1, max-image-preview:large, max-video-preview:-1\" \/>\n<link rel=\"canonical\" href=\"https:\/\/www.aramon.com\/blog\/grupo-aramon-nevalia\/\" \/>\n<meta property=\"og:locale\" content=\"es_ES\" \/>\n<meta property=\"og:type\" content=\"article\" \/>\n<meta property=\"og:title\" content=\"El Grupo Aram\u00f3n se prepara para el primer fin de semana de marzo con Nevalia como gran cita de la temporada - Blog Oficial del Grupo ARAM\u00d3N\" \/>\n<meta property=\"og:description\" content=\"Competiciones de esqu\u00ed alpino, freeride y freestyle completan la agenda en todas las estaciones que ofrecen m\u00e1s de 270 km esquiables.\" \/>\n<meta property=\"og:url\" content=\"https:\/\/www.aramon.com\/blog\/grupo-aramon-nevalia\/\" \/>\n<meta property=\"og:site_name\" content=\"Blog Oficial del Grupo ARAM\u00d3N\" \/>\n<meta property=\"article:published_time\" content=\"2026-03-04T17:00:00+00:00\" \/>\n<meta property=\"article:modified_time\" content=\"2026-03-07T08:12:42+00:00\" \/>\n<meta property=\"og:image\" content=\"https:\/\/www.aramon.com\/blog\/wp-content\/uploads\/2026\/03\/Cerler-1-scaled.jpg\" \/>\n\t<meta property=\"og:image:width\" content=\"2560\" \/>\n\t<meta property=\"og:image:height\" content=\"1440\" \/>\n\t<meta property=\"og:image:type\" content=\"image\/jpeg\" \/>\n<meta name=\"author\" content=\"aramon\" \/>\n<meta name=\"twitter:card\" content=\"summary_large_image\" \/>\n<meta name=\"twitter:label1\" content=\"Escrito por\" \/>\n\t<meta name=\"twitter:data1\" content=\"aramon\" \/>\n\t<meta name=\"twitter:label2\" content=\"Tiempo de lectura\" \/>\n\t<meta name=\"twitter:data2\" content=\"3 minutos\" \/>\n<script type=\"application\/ld+json\" class=\"yoast-schema-graph\">{\"@context\":\"https:\/\/schema.org\",\"@graph\":[{\"@type\":\"WebPage\",\"@id\":\"https:\/\/www.aramon.com\/blog\/grupo-aramon-nevalia\/\",\"url\":\"https:\/\/www.aramon.com\/blog\/grupo-aramon-nevalia\/\",\"name\":\"El Grupo Aram\u00f3n se prepara para el primer fin de semana de marzo con Nevalia como gran cita de la temporada - Blog Oficial del Grupo ARAM\u00d3N\",\"isPartOf\":{\"@id\":\"https:\/\/www.aramon.com\/blog\/#website\"},\"primaryImageOfPage\":{\"@id\":\"https:\/\/www.aramon.com\/blog\/grupo-aramon-nevalia\/#primaryimage\"},\"image\":{\"@id\":\"https:\/\/www.aramon.com\/blog\/grupo-aramon-nevalia\/#primaryimage\"},\"thumbnailUrl\":\"https:\/\/www.aramon.com\/blog\/wp-content\/uploads\/2026\/03\/Cerler-1-scaled.jpg\",\"datePublished\":\"2026-03-04T17:00:00+00:00\",\"dateModified\":\"2026-03-07T08:12:42+00:00\",\"author\":{\"@id\":\"https:\/\/www.aramon.com\/blog\/#\/schema\/person\/9429ffb451d657ab98f0ca1b364eeef3\"},\"description\":\"Competiciones de esqu\u00ed alpino, freeride y freestyle completan la agenda en todas las estaciones que ofrecen m\u00e1s de 270 km esquiables.\",\"inLanguage\":\"es\",\"potentialAction\":[{\"@type\":\"ReadAction\",\"target\":[\"https:\/\/www.aramon.com\/blog\/grupo-aramon-nevalia\/\"]}]},{\"@type\":\"ImageObject\",\"inLanguage\":\"es\",\"@id\":\"https:\/\/www.aramon.com\/blog\/grupo-aramon-nevalia\/#primaryimage\",\"url\":\"https:\/\/www.aramon.com\/blog\/wp-content\/uploads\/2026\/03\/Cerler-1-scaled.jpg\",\"contentUrl\":\"https:\/\/www.aramon.com\/blog\/wp-content\/uploads\/2026\/03\/Cerler-1-scaled.jpg\",\"width\":2560,\"height\":1440},{\"@type\":\"WebSite\",\"@id\":\"https:\/\/www.aramon.com\/blog\/#website\",\"url\":\"https:\/\/www.aramon.com\/blog\/\",\"name\":\"Blog Oficial del Grupo ARAM\u00d3N\",\"description\":\"Blog Oficial del Grupo Aram\u00f3n sobre estaciones de esqu\u00ed, monta\u00f1ismo, deportes de aventura y m\u00e1s en Arag\u00f3n.\",\"potentialAction\":[{\"@type\":\"SearchAction\",\"target\":{\"@type\":\"EntryPoint\",\"urlTemplate\":\"https:\/\/www.aramon.com\/blog\/?s={search_term_string}\"},\"query-input\":\"required name=search_term_string\"}],\"inLanguage\":\"es\"},{\"@type\":\"Person\",\"@id\":\"https:\/\/www.aramon.com\/blog\/#\/schema\/person\/9429ffb451d657ab98f0ca1b364eeef3\",\"name\":\"aramon\",\"image\":{\"@type\":\"ImageObject\",\"inLanguage\":\"es\",\"@id\":\"https:\/\/www.aramon.com\/blog\/#\/schema\/person\/image\/\",\"url\":\"https:\/\/secure.gravatar.com\/avatar\/d5fd0ede392e1af0e414b87f7568b4d5?s=96&d=mm&r=g\",\"contentUrl\":\"https:\/\/secure.gravatar.com\/avatar\/d5fd0ede392e1af0e414b87f7568b4d5?s=96&d=mm&r=g\",\"caption\":\"aramon\"},\"url\":\"https:\/\/www.aramon.com\/blog\/author\/aramon\/\"}]}<\/script>\n<!-- \/ Yoast SEO plugin. -->","yoast_head_json":{"title":"El Grupo Aram\u00f3n se prepara para el primer fin de semana de marzo con Nevalia como gran cita de la temporada - Blog Oficial del Grupo ARAM\u00d3N","description":"Competiciones de esqu\u00ed alpino, freeride y freestyle completan la agenda en todas las estaciones que ofrecen m\u00e1s de 270 km esquiables.","robots":{"index":"index","follow":"follow","max-snippet":"max-snippet:-1","max-image-preview":"max-image-preview:large","max-video-preview":"max-video-preview:-1"},"canonical":"https:\/\/www.aramon.com\/blog\/grupo-aramon-nevalia\/","og_locale":"es_ES","og_type":"article","og_title":"El Grupo Aram\u00f3n se prepara para el primer fin de semana de marzo con Nevalia como gran cita de la temporada - Blog Oficial del Grupo ARAM\u00d3N","og_description":"Competiciones de esqu\u00ed alpino, freeride y freestyle completan la agenda en todas las estaciones que ofrecen m\u00e1s de 270 km esquiables.","og_url":"https:\/\/www.aramon.com\/blog\/grupo-aramon-nevalia\/","og_site_name":"Blog Oficial del Grupo ARAM\u00d3N","article_published_time":"2026-03-04T17:00:00+00:00","article_modified_time":"2026-03-07T08:12:42+00:00","og_image":[{"width":2560,"height":1440,"url":"https:\/\/www.aramon.com\/blog\/wp-content\/uploads\/2026\/03\/Cerler-1-scaled.jpg","type":"image\/jpeg"}],"author":"aramon","twitter_card":"summary_large_image","twitter_misc":{"Escrito por":"aramon","Tiempo de lectura":"3 minutos"},"schema":{"@context":"https:\/\/schema.org","@graph":[{"@type":"WebPage","@id":"https:\/\/www.aramon.com\/blog\/grupo-aramon-nevalia\/","url":"https:\/\/www.aramon.com\/blog\/grupo-aramon-nevalia\/","name":"El Grupo Aram\u00f3n se prepara para el primer fin de semana de marzo con Nevalia como gran cita de la temporada - Blog Oficial del Grupo ARAM\u00d3N","isPartOf":{"@id":"https:\/\/www.aramon.com\/blog\/#website"},"primaryImageOfPage":{"@id":"https:\/\/www.aramon.com\/blog\/grupo-aramon-nevalia\/#primaryimage"},"image":{"@id":"https:\/\/www.aramon.com\/blog\/grupo-aramon-nevalia\/#primaryimage"},"thumbnailUrl":"https:\/\/www.aramon.com\/blog\/wp-content\/uploads\/2026\/03\/Cerler-1-scaled.jpg","datePublished":"2026-03-04T17:00:00+00:00","dateModified":"2026-03-07T08:12:42+00:00","author":{"@id":"https:\/\/www.aramon.com\/blog\/#\/schema\/person\/9429ffb451d657ab98f0ca1b364eeef3"},"description":"Competiciones de esqu\u00ed alpino, freeride y freestyle completan la agenda en todas las estaciones que ofrecen m\u00e1s de 270 km esquiables.","inLanguage":"es","potentialAction":[{"@type":"ReadAction","target":["https:\/\/www.aramon.com\/blog\/grupo-aramon-nevalia\/"]}]},{"@type":"ImageObject","inLanguage":"es","@id":"https:\/\/www.aramon.com\/blog\/grupo-aramon-nevalia\/#primaryimage","url":"https:\/\/www.aramon.com\/blog\/wp-content\/uploads\/2026\/03\/Cerler-1-scaled.jpg","contentUrl":"https:\/\/www.aramon.com\/blog\/wp-content\/uploads\/2026\/03\/Cerler-1-scaled.jpg","width":2560,"height":1440},{"@type":"WebSite","@id":"https:\/\/www.aramon.com\/blog\/#website","url":"https:\/\/www.aramon.com\/blog\/","name":"Blog Oficial del Grupo ARAM\u00d3N","description":"Blog Oficial del Grupo Aram\u00f3n sobre estaciones de esqu\u00ed, monta\u00f1ismo, deportes de aventura y m\u00e1s en Arag\u00f3n.","potentialAction":[{"@type":"SearchAction","target":{"@type":"EntryPoint","urlTemplate":"https:\/\/www.aramon.com\/blog\/?s={search_term_string}"},"query-input":"required name=search_term_string"}],"inLanguage":"es"},{"@type":"Person","@id":"https:\/\/www.aramon.com\/blog\/#\/schema\/person\/9429ffb451d657ab98f0ca1b364eeef3","name":"aramon","image":{"@type":"ImageObject","inLanguage":"es","@id":"https:\/\/www.aramon.com\/blog\/#\/schema\/person\/image\/","url":"https:\/\/secure.gravatar.com\/avatar\/d5fd0ede392e1af0e414b87f7568b4d5?s=96&d=mm&r=g","contentUrl":"https:\/\/secure.gravatar.com\/avatar\/d5fd0ede392e1af0e414b87f7568b4d5?s=96&d=mm&r=g","caption":"aramon"},"url":"https:\/\/www.aramon.com\/blog\/author\/aramon\/"}]}},"_links":{"self":[{"href":"https:\/\/www.aramon.com\/blog\/wp-json\/wp\/v2\/posts\/23457"}],"collection":[{"href":"https:\/\/www.aramon.com\/blog\/wp-json\/wp\/v2\/posts"}],"about":[{"href":"https:\/\/www.aramon.com\/blog\/wp-json\/wp\/v2\/types\/post"}],"author":[{"embeddable":true,"href":"https:\/\/www.aramon.com\/blog\/wp-json\/wp\/v2\/users\/2"}],"replies":[{"embeddable":true,"href":"https:\/\/www.aramon.com\/blog\/wp-json\/wp\/v2\/comments?post=23457"}],"version-history":[{"count":2,"href":"https:\/\/www.aramon.com\/blog\/wp-json\/wp\/v2\/posts\/23457\/revisions"}],"predecessor-version":[{"id":23460,"href":"https:\/\/www.aramon.com\/blog\/wp-json\/wp\/v2\/posts\/23457\/revisions\/23460"}],"wp:featuredmedia":[{"embeddable":true,"href":"https:\/\/www.aramon.com\/blog\/wp-json\/wp\/v2\/media\/23459"}],"wp:attachment":[{"href":"https:\/\/www.aramon.com\/blog\/wp-json\/wp\/v2\/media?parent=23457"}],"wp:term":[{"taxonomy":"category","embeddable":true,"href":"https:\/\/www.aramon.com\/blog\/wp-json\/wp\/v2\/categories?post=23457"},{"taxonomy":"post_tag","embeddable":true,"href":"https:\/\/www.aramon.com\/blog\/wp-json\/wp\/v2\/tags?post=23457"}],"curies":[{"name":"wp","href":"https:\/\/api.w.org\/{rel}","templated":true}]}}