{"id":23463,"date":"2026-03-11T18:00:00","date_gmt":"2026-03-11T17:00:00","guid":{"rendered":"https:\/\/www.aramon.com\/blog\/?p=23463"},"modified":"2026-03-14T10:30:33","modified_gmt":"2026-03-14T09:30:33","slug":"festival-zevra-marchica","status":"publish","type":"post","link":"https:\/\/www.aramon.com\/blog\/festival-zevra-marchica\/","title":{"rendered":"El Grupo Aram\u00f3n combina deporte, gastronom\u00eda y m\u00fasica en un fin de semana con Zevra Winter Vibes en Marchica"},"content":{"rendered":"\n<p style=\"font-size:18px\"><strong>Las estaciones del Grupo Aram\u00f3n<\/strong> encaran un nuevo fin de semana de marzo con <strong>excelentes condiciones de nieve y hasta 270 kil\u00f3metros esquiables<\/strong>, con la pr\u00e1ctica totalidad de los dominios abiertos. A la oferta deportiva se suma una completa agenda de eventos que combina m\u00fasica, competiciones deportivas y experiencias gastron\u00f3micas.<\/p>\n\n\n\n<h3 class=\"wp-block-heading\">Zevra Winter Vibes llega por primera vez a la nieve<\/h3>\n\n\n\n<p style=\"font-size:18px\">El evento m\u00e1s destacado ser\u00e1 <strong>Zevra Winter Vibes<\/strong>, que este s\u00e1bado aterriza por primera vez en la nieve en el apr\u00e8s-ski Marchica, en Formigal. La propuesta fusiona m\u00fasica y espect\u00e1culo para convertir este enclave en un escenario \u00fanico en el Pirineo.<\/p>\n\n\n\n<p style=\"font-size:18px\">Zevra, que en solo cuatro ediciones se ha convertido en uno de los festivales m\u00e1s destacados de m\u00fasica urbana, pop y latina, llega a Formigal con la energ\u00eda que lo ha consolidado como una de las grandes citas musicales del verano. Por sus escenarios han pasado artistas como Maluma, Nicky Jam, Myke Towers, Manuel Turizo, Estopa o La Oreja de Van Gogh, consolidando su liderazgo entre el p\u00fablico joven.<\/p>\n\n\n\n<p style=\"font-size:18px\">Su propuesta, que mezcla m\u00fasica, moda y tendencias, transformar\u00e1 Marchica en una vibrante pista de baile en plena monta\u00f1a con un cartel formado por <strong>Omar Montes, Alvama Ice, Henry M\u00e9ndez, King \u00c1frica, <\/strong>Don Dale DJ\u2019s y Arnny Montana.<\/p>\n\n\n\n<h3 class=\"wp-block-heading\">Deporte inclusivo en Formigal-Panticosa<\/h3>\n\n\n\n<p style=\"font-size:18px\">El deporte tambi\u00e9n tendr\u00e1 un papel protagonista este fin de semana en Formigal-Panticosa con la celebraci\u00f3n de la <strong>3\u00aa fase de la Copa de Espa\u00f1a Inclusiva U10\/U12.<\/strong><\/p>\n\n\n\n<p style=\"font-size:18px\">Esta iniciativa, impulsada por la RFEDI junto a las federaciones espa\u00f1olas de deportes de personas con discapacidad f\u00edsica, par\u00e1lisis cerebral y ciegos, busca desarrollar <strong>un circuito en el que deportistas con y sin discapacidad compitan conjuntamente<\/strong>. El objetivo es promover un modelo real de inclusi\u00f3n en los deportes de invierno y acercar este deporte a los esquiadores m\u00e1s j\u00f3venes. Adem\u00e1s, esta prueba ser\u00e1 valedera para el campeonato de Espa\u00f1a DPD alpino.<\/p>\n\n\n\n<p style=\"font-size:18px\">Adem\u00e1s, la estaci\u00f3n acoger\u00e1 la pr\u00f3xima semana el <strong>Campus Fundaci\u00f3n Occident de detecci\u00f3n y tecnificaci\u00f3n en deportes de invierno DPD<\/strong>, organizado en colaboraci\u00f3n con el Centro de Deportes de Invierno Inclusivos de Ar\u00e1n (CDIA). En \u00e9l participan cerca de <strong>30 deportistas con discapacidad<\/strong>, tanto con experiencia en competici\u00f3n como en fases iniciales, que trabajar\u00e1n la t\u00e9cnica del esqu\u00ed alpino, el esqu\u00ed de fondo y el snowboard junto a t\u00e9cnicos, preparadores f\u00edsicos, nutricionistas y psic\u00f3logos especializados.<\/p>\n\n\n\n<h3 class=\"wp-block-heading\">Alta gastronom\u00eda sobre esqu\u00eds en Cerler<\/h3>\n\n\n\n<p style=\"font-size:18px\">La estaci\u00f3n de Cerler celebrar\u00e1 <strong>este jueves <\/strong>la und\u00e9cima edici\u00f3n de <strong>Snowcooking<\/strong>, una experiencia que combina esqu\u00ed y alta gastronom\u00eda en plena monta\u00f1a.<\/p>\n\n\n\n<p style=\"font-size:18px\">La jornada comenzar\u00e1 con un \u00faltimo descenso a estaci\u00f3n cerrada hasta la Caba\u00f1a El Bosque, donde los asistentes podr\u00e1n disfrutar del atardecer sobre las monta\u00f1as acompa\u00f1ado de una copa de champagne. Despu\u00e9s tendr\u00e1 lugar una <strong>cena en el restaurante Cota Dosmil, elaborada por los alumnos de la Escuela de Hosteler\u00eda Guayente<\/strong> y maridada con vinos de la Bodega Sommos. La experiencia culminar\u00e1 con un descenso nocturno esquiando hasta Cerler 1.500 bajo las estrellas.<\/p>\n\n\n\n<p style=\"font-size:18px\">El fin de semana continuar\u00e1 con competiciones para los m\u00e1s j\u00f3venes. El s\u00e1badose celebrar\u00e1 el <strong>Trofeo Mamut<\/strong>, organizado por el Club M\u00edtico en la pista Tubo de Cogulla, una cita pensada para que los corredores m\u00e1s peque\u00f1os, de entre 3 y 7 a\u00f1os, tengan su primer contacto con la competici\u00f3n de slalom gigante.<\/p>\n\n\n\n<p style=\"font-size:18px\">Ese mismo d\u00eda tendr\u00e1 lugar tambi\u00e9n el <strong>Trofeo infantil Cerler Aneto<\/strong>, una prueba de slalom gigante y slalom dirigida a corredores de entre 12 y 15 a\u00f1os que se disputar\u00e1 en la pista Las Codornices y que organiza el esqu\u00ed Club Cerler Aneto.<\/p>\n\n\n\n<h3 class=\"wp-block-heading\">Marchica Experience: programaci\u00f3n musical <\/h3>\n\n\n\n<p style=\"font-size:18px\">La programaci\u00f3n musical de <strong>Marchica Experience<\/strong> continuar\u00e1 llenando de ambiente las estaciones del grupo durante toda la semana.<\/p>\n\n\n\n<p style=\"font-size:18px\">En Formigal-Panticosa, Marchica acoger\u00e1 el mi\u00e9rcoles <strong>Sweet Pyrenne<\/strong>, mientras que el jueves y el viernes ser\u00e1 el turno de <strong>Pure Marchica<\/strong>. El s\u00e1bado llegar\u00e1 el esperado <strong>Zevra Winter Vibes<\/strong> y el domingo cerrar\u00e1 la programaci\u00f3n el DJ <strong>David Nal<\/strong>.<\/p>\n\n\n\n<p style=\"font-size:18px\">La agenda continuar\u00e1 en M The Club, con Mikel el viernes y Alex Tena junto a Leo Susana el s\u00e1bado, adem\u00e1s de actuaciones y m\u00fasica en diferentes puntos de la estaci\u00f3n como la Terraza Boutique Sarrios, la Caba\u00f1a Garmet Lounge, Cantal, El Igl\u00fa o la Caba\u00f1a Izas.<\/p>\n\n\n\n<p style=\"font-size:18px\">En <strong>Cerler, en Rem\u00e1scaro <\/strong>el viernes actuar\u00e1 <strong>Cuca de Mundi <\/strong>y el s\u00e1bado <strong>Xune<\/strong>, mientras que en <strong>Colladeta <\/strong>ser\u00e1 el turno de <strong>I\u00f1igo Lliso<\/strong>. Por su parte, en Teruel, <strong>Valdelinares<\/strong> contar\u00e1 con la actuaci\u00f3n de <strong>Panacas<\/strong>.<\/p>\n","protected":false},"excerpt":{"rendered":"<p>El festival Zevra, uno de los m\u00e1s influyentes de la m\u00fasica urbana, pop y latina, llega por primera vez a la nieve con un cartel formado por Omar Montes, Alvama Ice, Henry M\u00e9ndez y King \u00c1frica.<\/p>\n","protected":false},"author":2,"featured_media":23465,"comment_status":"closed","ping_status":"closed","sticky":false,"template":"","format":"standard","meta":{"_acf_changed":false,"footnotes":""},"categories":[304,1,303,307,308,2152],"tags":[2626,27,32,34,2625],"acf":[],"yoast_head":"<!-- This site is optimized with the Yoast SEO plugin v22.5 - https:\/\/yoast.com\/wordpress\/plugins\/seo\/ -->\n<title>El Grupo Aram\u00f3n combina deporte, gastronom\u00eda y m\u00fasica en un fin de semana con Zevra Winter Vibes en Marchica - Blog Oficial del Grupo ARAM\u00d3N<\/title>\n<meta name=\"description\" content=\"Las buenas condiciones de nieve acompa\u00f1an un fin de semana que combina deporte inclusivo en Formigal-Panticosa y alta gastronom\u00eda en Cerler.\" \/>\n<meta name=\"robots\" content=\"index, follow, max-snippet:-1, max-image-preview:large, max-video-preview:-1\" \/>\n<link rel=\"canonical\" href=\"https:\/\/www.aramon.com\/blog\/festival-zevra-marchica\/\" \/>\n<meta property=\"og:locale\" content=\"es_ES\" \/>\n<meta property=\"og:type\" content=\"article\" \/>\n<meta property=\"og:title\" content=\"El Grupo Aram\u00f3n combina deporte, gastronom\u00eda y m\u00fasica en un fin de semana con Zevra Winter Vibes en Marchica - Blog Oficial del Grupo ARAM\u00d3N\" \/>\n<meta property=\"og:description\" content=\"Las buenas condiciones de nieve acompa\u00f1an un fin de semana que combina deporte inclusivo en Formigal-Panticosa y alta gastronom\u00eda en Cerler.\" \/>\n<meta property=\"og:url\" content=\"https:\/\/www.aramon.com\/blog\/festival-zevra-marchica\/\" \/>\n<meta property=\"og:site_name\" content=\"Blog Oficial del Grupo ARAM\u00d3N\" \/>\n<meta property=\"article:published_time\" content=\"2026-03-11T17:00:00+00:00\" \/>\n<meta property=\"article:modified_time\" content=\"2026-03-14T09:30:33+00:00\" \/>\n<meta property=\"og:image\" content=\"https:\/\/www.aramon.com\/blog\/wp-content\/uploads\/2026\/03\/Marchica-1.jpeg\" \/>\n\t<meta property=\"og:image:width\" content=\"1024\" \/>\n\t<meta property=\"og:image:height\" content=\"683\" \/>\n\t<meta property=\"og:image:type\" content=\"image\/jpeg\" \/>\n<meta name=\"author\" content=\"aramon\" \/>\n<meta name=\"twitter:card\" content=\"summary_large_image\" \/>\n<meta name=\"twitter:label1\" content=\"Escrito por\" \/>\n\t<meta name=\"twitter:data1\" content=\"aramon\" \/>\n\t<meta name=\"twitter:label2\" content=\"Tiempo de lectura\" \/>\n\t<meta name=\"twitter:data2\" content=\"4 minutos\" \/>\n<script type=\"application\/ld+json\" class=\"yoast-schema-graph\">{\"@context\":\"https:\/\/schema.org\",\"@graph\":[{\"@type\":\"WebPage\",\"@id\":\"https:\/\/www.aramon.com\/blog\/festival-zevra-marchica\/\",\"url\":\"https:\/\/www.aramon.com\/blog\/festival-zevra-marchica\/\",\"name\":\"El Grupo Aram\u00f3n combina deporte, gastronom\u00eda y m\u00fasica en un fin de semana con Zevra Winter Vibes en Marchica - Blog Oficial del Grupo ARAM\u00d3N\",\"isPartOf\":{\"@id\":\"https:\/\/www.aramon.com\/blog\/#website\"},\"primaryImageOfPage\":{\"@id\":\"https:\/\/www.aramon.com\/blog\/festival-zevra-marchica\/#primaryimage\"},\"image\":{\"@id\":\"https:\/\/www.aramon.com\/blog\/festival-zevra-marchica\/#primaryimage\"},\"thumbnailUrl\":\"https:\/\/www.aramon.com\/blog\/wp-content\/uploads\/2026\/03\/Marchica-1.jpeg\",\"datePublished\":\"2026-03-11T17:00:00+00:00\",\"dateModified\":\"2026-03-14T09:30:33+00:00\",\"author\":{\"@id\":\"https:\/\/www.aramon.com\/blog\/#\/schema\/person\/9429ffb451d657ab98f0ca1b364eeef3\"},\"description\":\"Las buenas condiciones de nieve acompa\u00f1an un fin de semana que combina deporte inclusivo en Formigal-Panticosa y alta gastronom\u00eda en Cerler.\",\"inLanguage\":\"es\",\"potentialAction\":[{\"@type\":\"ReadAction\",\"target\":[\"https:\/\/www.aramon.com\/blog\/festival-zevra-marchica\/\"]}]},{\"@type\":\"ImageObject\",\"inLanguage\":\"es\",\"@id\":\"https:\/\/www.aramon.com\/blog\/festival-zevra-marchica\/#primaryimage\",\"url\":\"https:\/\/www.aramon.com\/blog\/wp-content\/uploads\/2026\/03\/Marchica-1.jpeg\",\"contentUrl\":\"https:\/\/www.aramon.com\/blog\/wp-content\/uploads\/2026\/03\/Marchica-1.jpeg\",\"width\":13625,\"height\":9083},{\"@type\":\"WebSite\",\"@id\":\"https:\/\/www.aramon.com\/blog\/#website\",\"url\":\"https:\/\/www.aramon.com\/blog\/\",\"name\":\"Blog Oficial del Grupo ARAM\u00d3N\",\"description\":\"Blog Oficial del Grupo Aram\u00f3n sobre estaciones de esqu\u00ed, monta\u00f1ismo, deportes de aventura y m\u00e1s en Arag\u00f3n.\",\"potentialAction\":[{\"@type\":\"SearchAction\",\"target\":{\"@type\":\"EntryPoint\",\"urlTemplate\":\"https:\/\/www.aramon.com\/blog\/?s={search_term_string}\"},\"query-input\":\"required name=search_term_string\"}],\"inLanguage\":\"es\"},{\"@type\":\"Person\",\"@id\":\"https:\/\/www.aramon.com\/blog\/#\/schema\/person\/9429ffb451d657ab98f0ca1b364eeef3\",\"name\":\"aramon\",\"image\":{\"@type\":\"ImageObject\",\"inLanguage\":\"es\",\"@id\":\"https:\/\/www.aramon.com\/blog\/#\/schema\/person\/image\/\",\"url\":\"https:\/\/secure.gravatar.com\/avatar\/d5fd0ede392e1af0e414b87f7568b4d5?s=96&d=mm&r=g\",\"contentUrl\":\"https:\/\/secure.gravatar.com\/avatar\/d5fd0ede392e1af0e414b87f7568b4d5?s=96&d=mm&r=g\",\"caption\":\"aramon\"},\"url\":\"https:\/\/www.aramon.com\/blog\/author\/aramon\/\"}]}<\/script>\n<!-- \/ Yoast SEO plugin. -->","yoast_head_json":{"title":"El Grupo Aram\u00f3n combina deporte, gastronom\u00eda y m\u00fasica en un fin de semana con Zevra Winter Vibes en Marchica - Blog Oficial del Grupo ARAM\u00d3N","description":"Las buenas condiciones de nieve acompa\u00f1an un fin de semana que combina deporte inclusivo en Formigal-Panticosa y alta gastronom\u00eda en Cerler.","robots":{"index":"index","follow":"follow","max-snippet":"max-snippet:-1","max-image-preview":"max-image-preview:large","max-video-preview":"max-video-preview:-1"},"canonical":"https:\/\/www.aramon.com\/blog\/festival-zevra-marchica\/","og_locale":"es_ES","og_type":"article","og_title":"El Grupo Aram\u00f3n combina deporte, gastronom\u00eda y m\u00fasica en un fin de semana con Zevra Winter Vibes en Marchica - Blog Oficial del Grupo ARAM\u00d3N","og_description":"Las buenas condiciones de nieve acompa\u00f1an un fin de semana que combina deporte inclusivo en Formigal-Panticosa y alta gastronom\u00eda en Cerler.","og_url":"https:\/\/www.aramon.com\/blog\/festival-zevra-marchica\/","og_site_name":"Blog Oficial del Grupo ARAM\u00d3N","article_published_time":"2026-03-11T17:00:00+00:00","article_modified_time":"2026-03-14T09:30:33+00:00","og_image":[{"url":"https:\/\/www.aramon.com\/blog\/wp-content\/uploads\/2026\/03\/Marchica-1.jpeg","width":1024,"height":683,"type":"image\/jpeg"}],"author":"aramon","twitter_card":"summary_large_image","twitter_misc":{"Escrito por":"aramon","Tiempo de lectura":"4 minutos"},"schema":{"@context":"https:\/\/schema.org","@graph":[{"@type":"WebPage","@id":"https:\/\/www.aramon.com\/blog\/festival-zevra-marchica\/","url":"https:\/\/www.aramon.com\/blog\/festival-zevra-marchica\/","name":"El Grupo Aram\u00f3n combina deporte, gastronom\u00eda y m\u00fasica en un fin de semana con Zevra Winter Vibes en Marchica - Blog Oficial del Grupo ARAM\u00d3N","isPartOf":{"@id":"https:\/\/www.aramon.com\/blog\/#website"},"primaryImageOfPage":{"@id":"https:\/\/www.aramon.com\/blog\/festival-zevra-marchica\/#primaryimage"},"image":{"@id":"https:\/\/www.aramon.com\/blog\/festival-zevra-marchica\/#primaryimage"},"thumbnailUrl":"https:\/\/www.aramon.com\/blog\/wp-content\/uploads\/2026\/03\/Marchica-1.jpeg","datePublished":"2026-03-11T17:00:00+00:00","dateModified":"2026-03-14T09:30:33+00:00","author":{"@id":"https:\/\/www.aramon.com\/blog\/#\/schema\/person\/9429ffb451d657ab98f0ca1b364eeef3"},"description":"Las buenas condiciones de nieve acompa\u00f1an un fin de semana que combina deporte inclusivo en Formigal-Panticosa y alta gastronom\u00eda en Cerler.","inLanguage":"es","potentialAction":[{"@type":"ReadAction","target":["https:\/\/www.aramon.com\/blog\/festival-zevra-marchica\/"]}]},{"@type":"ImageObject","inLanguage":"es","@id":"https:\/\/www.aramon.com\/blog\/festival-zevra-marchica\/#primaryimage","url":"https:\/\/www.aramon.com\/blog\/wp-content\/uploads\/2026\/03\/Marchica-1.jpeg","contentUrl":"https:\/\/www.aramon.com\/blog\/wp-content\/uploads\/2026\/03\/Marchica-1.jpeg","width":13625,"height":9083},{"@type":"WebSite","@id":"https:\/\/www.aramon.com\/blog\/#website","url":"https:\/\/www.aramon.com\/blog\/","name":"Blog Oficial del Grupo ARAM\u00d3N","description":"Blog Oficial del Grupo Aram\u00f3n sobre estaciones de esqu\u00ed, monta\u00f1ismo, deportes de aventura y m\u00e1s en Arag\u00f3n.","potentialAction":[{"@type":"SearchAction","target":{"@type":"EntryPoint","urlTemplate":"https:\/\/www.aramon.com\/blog\/?s={search_term_string}"},"query-input":"required name=search_term_string"}],"inLanguage":"es"},{"@type":"Person","@id":"https:\/\/www.aramon.com\/blog\/#\/schema\/person\/9429ffb451d657ab98f0ca1b364eeef3","name":"aramon","image":{"@type":"ImageObject","inLanguage":"es","@id":"https:\/\/www.aramon.com\/blog\/#\/schema\/person\/image\/","url":"https:\/\/secure.gravatar.com\/avatar\/d5fd0ede392e1af0e414b87f7568b4d5?s=96&d=mm&r=g","contentUrl":"https:\/\/secure.gravatar.com\/avatar\/d5fd0ede392e1af0e414b87f7568b4d5?s=96&d=mm&r=g","caption":"aramon"},"url":"https:\/\/www.aramon.com\/blog\/author\/aramon\/"}]}},"_links":{"self":[{"href":"https:\/\/www.aramon.com\/blog\/wp-json\/wp\/v2\/posts\/23463"}],"collection":[{"href":"https:\/\/www.aramon.com\/blog\/wp-json\/wp\/v2\/posts"}],"about":[{"href":"https:\/\/www.aramon.com\/blog\/wp-json\/wp\/v2\/types\/post"}],"author":[{"embeddable":true,"href":"https:\/\/www.aramon.com\/blog\/wp-json\/wp\/v2\/users\/2"}],"replies":[{"embeddable":true,"href":"https:\/\/www.aramon.com\/blog\/wp-json\/wp\/v2\/comments?post=23463"}],"version-history":[{"count":2,"href":"https:\/\/www.aramon.com\/blog\/wp-json\/wp\/v2\/posts\/23463\/revisions"}],"predecessor-version":[{"id":23466,"href":"https:\/\/www.aramon.com\/blog\/wp-json\/wp\/v2\/posts\/23463\/revisions\/23466"}],"wp:featuredmedia":[{"embeddable":true,"href":"https:\/\/www.aramon.com\/blog\/wp-json\/wp\/v2\/media\/23465"}],"wp:attachment":[{"href":"https:\/\/www.aramon.com\/blog\/wp-json\/wp\/v2\/media?parent=23463"}],"wp:term":[{"taxonomy":"category","embeddable":true,"href":"https:\/\/www.aramon.com\/blog\/wp-json\/wp\/v2\/categories?post=23463"},{"taxonomy":"post_tag","embeddable":true,"href":"https:\/\/www.aramon.com\/blog\/wp-json\/wp\/v2\/tags?post=23463"}],"curies":[{"name":"wp","href":"https:\/\/api.w.org\/{rel}","templated":true}]}}