{"id":23467,"date":"2026-03-16T15:43:01","date_gmt":"2026-03-16T14:43:01","guid":{"rendered":"https:\/\/www.aramon.com\/blog\/?p=23467"},"modified":"2026-04-02T13:03:52","modified_gmt":"2026-04-02T11:03:52","slug":"closing-i-love-marchica","status":"publish","type":"post","link":"https:\/\/www.aramon.com\/blog\/closing-i-love-marchica\/","title":{"rendered":"I Love Marchica pone el broche a la temporada en Formigal con una invitaci\u00f3n a volver al lugar donde eres feliz"},"content":{"rendered":"\n<p style=\"font-size:18px\"><strong>El apr\u00e8s-ski Marchica, en Formigal, celebrar\u00e1 el pr\u00f3ximo 4 de abril <\/strong>su gran evento de fin de temporada bajo el concepto<strong> I Love Marchica<\/strong>, una cita que pondr\u00e1 el broche de oro a un invierno hist\u00f3rico en el Pirineo aragon\u00e9s.<\/p>\n\n\n\n<p style=\"font-size:18px\">Bajo el lema <strong>\u201cViaja al lugar donde eres feliz\u201d<\/strong>, I Love Marchica es una invitaci\u00f3n a despedir el invierno regresando a ese espacio que, durante meses, se ha convertido en punto de encuentro para miles de visitantes. El evento arrancar\u00e1 a las<strong> 17:00 h hasta las 22:00 h<\/strong> y combinar\u00e1 la energ\u00eda de un ambiente festivo con una producci\u00f3n especial dise\u00f1ada para cerrar la temporada.<\/p>\n\n\n\n<p style=\"font-size:18px\">El evento estar\u00e1 presentado por <strong>Jordi Cruz<\/strong>, conocido por su etapa al frente del programa infantil <em>Club Disney<\/em> y por su trayectoria en <em>Art Attack<\/em>. Sobre el escenario, un line-up reunir\u00e1 a artistas como <strong>Cali &amp; el Dandee, Las Ketchup, Ra\u00fal, Xriz, Marian Dacal y Jumper Brothers<\/strong>, combinando estilos y ritmos que han marcado a distintas generaciones.<\/p>\n\n\n\n<p style=\"font-size:18px\">El d\u00fao colombiano <strong>Cali &amp; El Dandee<\/strong>, referente del pop latino y el urban rom\u00e1ntico, ha firmado algunos de los grandes \u00e9xitos internacionales de la \u00faltima d\u00e9cada, acumulando millones de reproducciones y colaboraciones con artistas de primer nivel. Canciones como <em>Yo Te Esperar\u00e9<\/em> o <em>Por Fin Te Encontr\u00e9<\/em> los han consolidado como una de las formaciones m\u00e1s reconocidas del panorama latino.<\/p>\n\n\n\n<p style=\"font-size:18px\">Por su parte, <strong>Las Ketchup<\/strong> forman parte de la historia reciente del pop espa\u00f1ol gracias a <em>Aserej\u00e9<\/em>, uno de los temas m\u00e1s ic\u00f3nicos y bailados de los a\u00f1os 2000, que alcanz\u00f3 el n\u00famero uno en numerosos pa\u00edses y se convirti\u00f3 en un fen\u00f3meno global.<\/p>\n\n\n\n<p style=\"font-size:18px\">Completan el cartel artistas como <strong>Ra\u00fal,<\/strong> una de las voces m\u00e1s populares del pop espa\u00f1ol de finales de los noventa<strong>; Xriz,<\/strong> exponente del electrolatino nacional; <strong>Marian Dacal<\/strong>, vinculada a grandes himnos de la m\u00fasica dance; y <strong>Jumper Brothers<\/strong>, referentes del sonido electr\u00f3nico comercial.<\/p>\n\n\n\n<p style=\"font-size:18px\">Con este evento, <strong>Marchica invita a esquiadores y visitantes a vivir uno de los momentos m\u00e1s especiales de esta recta final del invierno<\/strong> en Formigal. Una gran celebraci\u00f3n en la monta\u00f1a para compartir m\u00fasica, nieve y buen ambiente antes de despedir una temporada que ha vuelto a situar al apr\u00e8s-ski como uno de los grandes atractivos diferenciales de la experiencia en Aram\u00f3n.<\/p>\n\n\n\n<p style=\"font-size:18px\">El concepto <strong>\u201ctwenties\u201d<\/strong>, que inspira parte de la est\u00e9tica y la puesta en escena del evento, recupera la idea de una d\u00e9cada asociada a la celebraci\u00f3n, la libertad y la expresi\u00f3n cultural, reinterpretada con la identidad propia de Marchica: vibrante, contempor\u00e1nea y ligada a la monta\u00f1a. Una propuesta que conecta nostalgia y actualidad en un formato pensado para vivir la m\u00fasica al aire libre.<\/p>\n\n\n\n<p>I Love Marchica ser\u00e1 as\u00ed la despedida oficial del invierno en Formigal, en un entorno \u00fanico y con el inconfundible ambiente que ha caracterizado al apr\u00e8s-ski durante toda la temporada. El acceso al evento se realizar\u00e1 mediante entrada espec\u00edfica, sin necesidad de disponer de forfait. <a href=\"https:\/\/ilovemarchica.es\/\"><strong>Las entradas ya est\u00e1n a la venta en la web<\/strong><\/a>, donde tambi\u00e9n puede consultarse toda la informaci\u00f3n sobre accesos y programaci\u00f3n.<\/p>\n","protected":false},"excerpt":{"rendered":"<p>El closing de la temporada se celebrar\u00e1 el 4 de abril en el apr\u00e8s-ski de Formigal, transformando la monta\u00f1a en un gran escenario al aire libre para despedir un invierno hist\u00f3rico en Aram\u00f3n.<\/p>\n","protected":false},"author":2,"featured_media":23468,"comment_status":"closed","ping_status":"closed","sticky":false,"template":"","format":"standard","meta":{"_acf_changed":false,"footnotes":""},"categories":[1,307,2152],"tags":[2567,2627,2629,2628,32,34],"acf":[],"yoast_head":"<!-- This site is optimized with the Yoast SEO plugin v22.5 - https:\/\/yoast.com\/wordpress\/plugins\/seo\/ -->\n<title>I Love Marchica pone el broche a la temporada en Formigal con una invitaci\u00f3n a volver al lugar donde eres feliz - Blog Oficial del Grupo ARAM\u00d3N<\/title>\n<meta name=\"description\" content=\"El evento reunir\u00e1 sobre el escenario a Cali &amp; El Dandee o Las Ketchup, en una propuesta inspirada en el concepto Love The Twenties\" \/>\n<meta name=\"robots\" content=\"index, follow, max-snippet:-1, max-image-preview:large, max-video-preview:-1\" \/>\n<link rel=\"canonical\" href=\"https:\/\/www.aramon.com\/blog\/closing-i-love-marchica\/\" \/>\n<meta property=\"og:locale\" content=\"es_ES\" \/>\n<meta property=\"og:type\" content=\"article\" \/>\n<meta property=\"og:title\" content=\"I Love Marchica pone el broche a la temporada en Formigal con una invitaci\u00f3n a volver al lugar donde eres feliz - Blog Oficial del Grupo ARAM\u00d3N\" \/>\n<meta property=\"og:description\" content=\"El evento reunir\u00e1 sobre el escenario a Cali &amp; El Dandee o Las Ketchup, en una propuesta inspirada en el concepto Love The Twenties\" \/>\n<meta property=\"og:url\" content=\"https:\/\/www.aramon.com\/blog\/closing-i-love-marchica\/\" \/>\n<meta property=\"og:site_name\" content=\"Blog Oficial del Grupo ARAM\u00d3N\" \/>\n<meta property=\"article:published_time\" content=\"2026-03-16T14:43:01+00:00\" \/>\n<meta property=\"article:modified_time\" content=\"2026-04-02T11:03:52+00:00\" \/>\n<meta property=\"og:image\" content=\"https:\/\/www.aramon.com\/blog\/wp-content\/uploads\/2026\/03\/Marchica_Cartel_ILoveMarchica-e1773663441812-1024x275.png\" \/>\n\t<meta property=\"og:image:width\" content=\"1024\" \/>\n\t<meta property=\"og:image:height\" content=\"275\" \/>\n\t<meta property=\"og:image:type\" content=\"image\/png\" \/>\n<meta name=\"author\" content=\"aramon\" \/>\n<meta name=\"twitter:card\" content=\"summary_large_image\" \/>\n<meta name=\"twitter:label1\" content=\"Escrito por\" \/>\n\t<meta name=\"twitter:data1\" content=\"aramon\" \/>\n\t<meta name=\"twitter:label2\" content=\"Tiempo de lectura\" \/>\n\t<meta name=\"twitter:data2\" content=\"3 minutos\" \/>\n<script type=\"application\/ld+json\" class=\"yoast-schema-graph\">{\"@context\":\"https:\/\/schema.org\",\"@graph\":[{\"@type\":\"WebPage\",\"@id\":\"https:\/\/www.aramon.com\/blog\/closing-i-love-marchica\/\",\"url\":\"https:\/\/www.aramon.com\/blog\/closing-i-love-marchica\/\",\"name\":\"I Love Marchica pone el broche a la temporada en Formigal con una invitaci\u00f3n a volver al lugar donde eres feliz - Blog Oficial del Grupo ARAM\u00d3N\",\"isPartOf\":{\"@id\":\"https:\/\/www.aramon.com\/blog\/#website\"},\"primaryImageOfPage\":{\"@id\":\"https:\/\/www.aramon.com\/blog\/closing-i-love-marchica\/#primaryimage\"},\"image\":{\"@id\":\"https:\/\/www.aramon.com\/blog\/closing-i-love-marchica\/#primaryimage\"},\"thumbnailUrl\":\"https:\/\/www.aramon.com\/blog\/wp-content\/uploads\/2026\/03\/Marchica_Cartel_ILoveMarchica-e1773663441812.png\",\"datePublished\":\"2026-03-16T14:43:01+00:00\",\"dateModified\":\"2026-04-02T11:03:52+00:00\",\"author\":{\"@id\":\"https:\/\/www.aramon.com\/blog\/#\/schema\/person\/9429ffb451d657ab98f0ca1b364eeef3\"},\"description\":\"El evento reunir\u00e1 sobre el escenario a Cali & El Dandee o Las Ketchup, en una propuesta inspirada en el concepto Love The Twenties\",\"inLanguage\":\"es\",\"potentialAction\":[{\"@type\":\"ReadAction\",\"target\":[\"https:\/\/www.aramon.com\/blog\/closing-i-love-marchica\/\"]}]},{\"@type\":\"ImageObject\",\"inLanguage\":\"es\",\"@id\":\"https:\/\/www.aramon.com\/blog\/closing-i-love-marchica\/#primaryimage\",\"url\":\"https:\/\/www.aramon.com\/blog\/wp-content\/uploads\/2026\/03\/Marchica_Cartel_ILoveMarchica-e1773663441812.png\",\"contentUrl\":\"https:\/\/www.aramon.com\/blog\/wp-content\/uploads\/2026\/03\/Marchica_Cartel_ILoveMarchica-e1773663441812.png\",\"width\":1920,\"height\":515},{\"@type\":\"WebSite\",\"@id\":\"https:\/\/www.aramon.com\/blog\/#website\",\"url\":\"https:\/\/www.aramon.com\/blog\/\",\"name\":\"Blog Oficial del Grupo ARAM\u00d3N\",\"description\":\"Blog Oficial del Grupo Aram\u00f3n sobre estaciones de esqu\u00ed, monta\u00f1ismo, deportes de aventura y m\u00e1s en Arag\u00f3n.\",\"potentialAction\":[{\"@type\":\"SearchAction\",\"target\":{\"@type\":\"EntryPoint\",\"urlTemplate\":\"https:\/\/www.aramon.com\/blog\/?s={search_term_string}\"},\"query-input\":\"required name=search_term_string\"}],\"inLanguage\":\"es\"},{\"@type\":\"Person\",\"@id\":\"https:\/\/www.aramon.com\/blog\/#\/schema\/person\/9429ffb451d657ab98f0ca1b364eeef3\",\"name\":\"aramon\",\"image\":{\"@type\":\"ImageObject\",\"inLanguage\":\"es\",\"@id\":\"https:\/\/www.aramon.com\/blog\/#\/schema\/person\/image\/\",\"url\":\"https:\/\/secure.gravatar.com\/avatar\/d5fd0ede392e1af0e414b87f7568b4d5?s=96&d=mm&r=g\",\"contentUrl\":\"https:\/\/secure.gravatar.com\/avatar\/d5fd0ede392e1af0e414b87f7568b4d5?s=96&d=mm&r=g\",\"caption\":\"aramon\"},\"url\":\"https:\/\/www.aramon.com\/blog\/author\/aramon\/\"}]}<\/script>\n<!-- \/ Yoast SEO plugin. -->","yoast_head_json":{"title":"I Love Marchica pone el broche a la temporada en Formigal con una invitaci\u00f3n a volver al lugar donde eres feliz - Blog Oficial del Grupo ARAM\u00d3N","description":"El evento reunir\u00e1 sobre el escenario a Cali & El Dandee o Las Ketchup, en una propuesta inspirada en el concepto Love The Twenties","robots":{"index":"index","follow":"follow","max-snippet":"max-snippet:-1","max-image-preview":"max-image-preview:large","max-video-preview":"max-video-preview:-1"},"canonical":"https:\/\/www.aramon.com\/blog\/closing-i-love-marchica\/","og_locale":"es_ES","og_type":"article","og_title":"I Love Marchica pone el broche a la temporada en Formigal con una invitaci\u00f3n a volver al lugar donde eres feliz - Blog Oficial del Grupo ARAM\u00d3N","og_description":"El evento reunir\u00e1 sobre el escenario a Cali & El Dandee o Las Ketchup, en una propuesta inspirada en el concepto Love The Twenties","og_url":"https:\/\/www.aramon.com\/blog\/closing-i-love-marchica\/","og_site_name":"Blog Oficial del Grupo ARAM\u00d3N","article_published_time":"2026-03-16T14:43:01+00:00","article_modified_time":"2026-04-02T11:03:52+00:00","og_image":[{"width":1024,"height":275,"url":"https:\/\/www.aramon.com\/blog\/wp-content\/uploads\/2026\/03\/Marchica_Cartel_ILoveMarchica-e1773663441812-1024x275.png","type":"image\/png"}],"author":"aramon","twitter_card":"summary_large_image","twitter_misc":{"Escrito por":"aramon","Tiempo de lectura":"3 minutos"},"schema":{"@context":"https:\/\/schema.org","@graph":[{"@type":"WebPage","@id":"https:\/\/www.aramon.com\/blog\/closing-i-love-marchica\/","url":"https:\/\/www.aramon.com\/blog\/closing-i-love-marchica\/","name":"I Love Marchica pone el broche a la temporada en Formigal con una invitaci\u00f3n a volver al lugar donde eres feliz - Blog Oficial del Grupo ARAM\u00d3N","isPartOf":{"@id":"https:\/\/www.aramon.com\/blog\/#website"},"primaryImageOfPage":{"@id":"https:\/\/www.aramon.com\/blog\/closing-i-love-marchica\/#primaryimage"},"image":{"@id":"https:\/\/www.aramon.com\/blog\/closing-i-love-marchica\/#primaryimage"},"thumbnailUrl":"https:\/\/www.aramon.com\/blog\/wp-content\/uploads\/2026\/03\/Marchica_Cartel_ILoveMarchica-e1773663441812.png","datePublished":"2026-03-16T14:43:01+00:00","dateModified":"2026-04-02T11:03:52+00:00","author":{"@id":"https:\/\/www.aramon.com\/blog\/#\/schema\/person\/9429ffb451d657ab98f0ca1b364eeef3"},"description":"El evento reunir\u00e1 sobre el escenario a Cali & El Dandee o Las Ketchup, en una propuesta inspirada en el concepto Love The Twenties","inLanguage":"es","potentialAction":[{"@type":"ReadAction","target":["https:\/\/www.aramon.com\/blog\/closing-i-love-marchica\/"]}]},{"@type":"ImageObject","inLanguage":"es","@id":"https:\/\/www.aramon.com\/blog\/closing-i-love-marchica\/#primaryimage","url":"https:\/\/www.aramon.com\/blog\/wp-content\/uploads\/2026\/03\/Marchica_Cartel_ILoveMarchica-e1773663441812.png","contentUrl":"https:\/\/www.aramon.com\/blog\/wp-content\/uploads\/2026\/03\/Marchica_Cartel_ILoveMarchica-e1773663441812.png","width":1920,"height":515},{"@type":"WebSite","@id":"https:\/\/www.aramon.com\/blog\/#website","url":"https:\/\/www.aramon.com\/blog\/","name":"Blog Oficial del Grupo ARAM\u00d3N","description":"Blog Oficial del Grupo Aram\u00f3n sobre estaciones de esqu\u00ed, monta\u00f1ismo, deportes de aventura y m\u00e1s en Arag\u00f3n.","potentialAction":[{"@type":"SearchAction","target":{"@type":"EntryPoint","urlTemplate":"https:\/\/www.aramon.com\/blog\/?s={search_term_string}"},"query-input":"required name=search_term_string"}],"inLanguage":"es"},{"@type":"Person","@id":"https:\/\/www.aramon.com\/blog\/#\/schema\/person\/9429ffb451d657ab98f0ca1b364eeef3","name":"aramon","image":{"@type":"ImageObject","inLanguage":"es","@id":"https:\/\/www.aramon.com\/blog\/#\/schema\/person\/image\/","url":"https:\/\/secure.gravatar.com\/avatar\/d5fd0ede392e1af0e414b87f7568b4d5?s=96&d=mm&r=g","contentUrl":"https:\/\/secure.gravatar.com\/avatar\/d5fd0ede392e1af0e414b87f7568b4d5?s=96&d=mm&r=g","caption":"aramon"},"url":"https:\/\/www.aramon.com\/blog\/author\/aramon\/"}]}},"_links":{"self":[{"href":"https:\/\/www.aramon.com\/blog\/wp-json\/wp\/v2\/posts\/23467"}],"collection":[{"href":"https:\/\/www.aramon.com\/blog\/wp-json\/wp\/v2\/posts"}],"about":[{"href":"https:\/\/www.aramon.com\/blog\/wp-json\/wp\/v2\/types\/post"}],"author":[{"embeddable":true,"href":"https:\/\/www.aramon.com\/blog\/wp-json\/wp\/v2\/users\/2"}],"replies":[{"embeddable":true,"href":"https:\/\/www.aramon.com\/blog\/wp-json\/wp\/v2\/comments?post=23467"}],"version-history":[{"count":3,"href":"https:\/\/www.aramon.com\/blog\/wp-json\/wp\/v2\/posts\/23467\/revisions"}],"predecessor-version":[{"id":23502,"href":"https:\/\/www.aramon.com\/blog\/wp-json\/wp\/v2\/posts\/23467\/revisions\/23502"}],"wp:featuredmedia":[{"embeddable":true,"href":"https:\/\/www.aramon.com\/blog\/wp-json\/wp\/v2\/media\/23468"}],"wp:attachment":[{"href":"https:\/\/www.aramon.com\/blog\/wp-json\/wp\/v2\/media?parent=23467"}],"wp:term":[{"taxonomy":"category","embeddable":true,"href":"https:\/\/www.aramon.com\/blog\/wp-json\/wp\/v2\/categories?post=23467"},{"taxonomy":"post_tag","embeddable":true,"href":"https:\/\/www.aramon.com\/blog\/wp-json\/wp\/v2\/tags?post=23467"}],"curies":[{"name":"wp","href":"https:\/\/api.w.org\/{rel}","templated":true}]}}