{"id":23791,"date":"2026-09-04T13:00:00","date_gmt":"2026-09-04T11:00:00","guid":{"rendered":"https:\/\/www.aramon.com\/blog\/?p=23791"},"modified":"2026-08-24T14:52:03","modified_gmt":"2026-08-24T12:52:03","slug":"montana-septiembre-pirineo","status":"publish","type":"post","link":"https:\/\/www.aramon.com\/blog\/montana-septiembre-pirineo\/","title":{"rendered":"La monta\u00f1a sin prisa: por qu\u00e9 septiembre se disfruta diferente"},"content":{"rendered":"\n<p style=\"font-size:18px\">Septiembre es uno de esos meses que merece la pena aprovechar en la monta\u00f1a. Las temperaturas empiezan a ser m\u00e1s suaves, hay menos movimiento que en pleno verano y los paisajes comienzan poco a poco a cambiar de color.<\/p>\n\n\n\n<p style=\"font-size:18px\">Es un buen momento para hacer una escapada al Pirineo, caminar, descubrir nuevos rincones y disfrutar de los valles con algo m\u00e1s de calma.<\/p>\n\n\n\n<h3 class=\"wp-block-heading\">Buen momento para volver a caminar<\/h3>\n\n\n\n<p style=\"font-size:18px\">Con menos calor que en julio y agosto, septiembre suele ser un mes muy agradable para hacer senderismo.<\/p>\n\n\n\n<p style=\"font-size:18px\">Tanto en el <strong>Valle de Tena<\/strong> como en el <strong>Valle de Benasque<\/strong> hay rutas para todos los niveles: paseos sencillos, recorridos entre bosques, excursiones a ibones o rutas algo m\u00e1s exigentes para quienes quieran ganar altura.<\/p>\n\n\n\n<p style=\"font-size:18px\">Adem\u00e1s, al haber menos afluencia, es m\u00e1s f\u00e1cil disfrutar de los senderos y hacer alguna parada por el camino sin prisas.<\/p>\n\n\n\n<h3 class=\"wp-block-heading\">Un paisaje que empieza a cambiar<\/h3>\n\n\n\n<p style=\"font-size:18px\">Aunque todav\u00eda quedan d\u00edas con ambiente de verano, septiembre empieza a dejar ver las primeras se\u00f1ales del oto\u00f1o.<\/p>\n\n\n\n<p style=\"font-size:18px\">Los bosques van cambiando de tonalidad y la luz tambi\u00e9n es diferente, sobre todo a primera hora de la ma\u00f1ana y al final del d\u00eda. Si te gusta la fotograf\u00eda, es un buen momento para llevar la c\u00e1mara o simplemente aprovechar alguna de las muchas vistas que ofrecen ambos valles.<\/p>\n\n\n\n<h3 class=\"wp-block-heading\">Mucho m\u00e1s que senderismo<\/h3>\n\n\n\n<p style=\"font-size:18px\">Una escapada a la monta\u00f1a tambi\u00e9n puede ser una buena excusa para conocer mejor los pueblos del entorno.<\/p>\n\n\n\n<p style=\"font-size:18px\">En el <strong>Valle de Tena<\/strong>, puedes acercarte a Panticosa, Sallent de G\u00e1llego, Lanuza o Tramacastilla de Tena. Y en el <strong>Valle de Benasque<\/strong>, recorrer Cerler, Benasque o Anciles.<\/p>\n\n\n\n<p style=\"font-size:18px\">Una ruta por la ma\u00f1ana y una comida tranquila despu\u00e9s, una visita a alguno de estos pueblos o una parada en un mirador pueden ser suficientes para completar el d\u00eda.<\/p>\n\n\n\n<h3 class=\"wp-block-heading\">Si vienes un fin de semana<\/h3>\n\n\n\n<p style=\"font-size:18px\">No hace falta organizar demasiadas cosas.<\/p>\n\n\n\n<p style=\"font-size:18px\">Puedes dedicar el primer d\u00eda a una ruta sencilla y aprovechar la tarde para conocer el valle. Al d\u00eda siguiente, si el tiempo acompa\u00f1a, elegir una excursi\u00f3n algo m\u00e1s larga hacia un ib\u00f3n, un bosque o alg\u00fan mirador natural.<\/p>\n\n\n\n<p style=\"font-size:18px\">Antes de salir, eso s\u00ed, conviene revisar bien la previsi\u00f3n meteorol\u00f3gica, las horas de luz y la dificultad de la ruta. En septiembre el tiempo puede cambiar con rapidez y las tardes empiezan a ser m\u00e1s cortas.<\/p>\n\n\n\n<p style=\"font-size:18px\">Tambi\u00e9n es recomendable llevar siempre algo de abrigo, impermeable o cortavientos, agua, protecci\u00f3n solar y calzado adecuado.<\/p>\n","protected":false},"excerpt":{"rendered":"<p>Descubre por qu\u00e9 septiembre es uno de los mejores momentos para disfrutar del Pirineo: temperaturas m\u00e1s suaves, senderos m\u00e1s tranquilos, pueblos con encanto y paisajes que empiezan a cambiar de color.<\/p>\n","protected":false},"author":2,"featured_media":23793,"comment_status":"closed","ping_status":"closed","sticky":false,"template":"","format":"standard","meta":{"_acf_changed":false,"footnotes":""},"categories":[1,303,307],"tags":[115,1595,103],"acf":[],"yoast_head":"<!-- This site is optimized with the Yoast SEO plugin v22.5 - https:\/\/yoast.com\/wordpress\/plugins\/seo\/ -->\n<title>La monta\u00f1a sin prisa: por qu\u00e9 septiembre se disfruta diferente - Blog Oficial del Grupo ARAM\u00d3N<\/title>\n<meta name=\"description\" content=\"Septiembre es un mes perfecto para disfrutar del Pirineo con calma: senderismo, pueblos, gastronom\u00eda y paisajes que cambian de color.\" \/>\n<meta name=\"robots\" content=\"index, follow, max-snippet:-1, max-image-preview:large, max-video-preview:-1\" \/>\n<link rel=\"canonical\" href=\"https:\/\/www.aramon.com\/blog\/montana-septiembre-pirineo\/\" \/>\n<meta property=\"og:locale\" content=\"es_ES\" \/>\n<meta property=\"og:type\" content=\"article\" \/>\n<meta property=\"og:title\" content=\"La monta\u00f1a sin prisa: por qu\u00e9 septiembre se disfruta diferente - Blog Oficial del Grupo ARAM\u00d3N\" \/>\n<meta property=\"og:description\" content=\"Septiembre es un mes perfecto para disfrutar del Pirineo con calma: senderismo, pueblos, gastronom\u00eda y paisajes que cambian de color.\" \/>\n<meta property=\"og:url\" content=\"https:\/\/www.aramon.com\/blog\/montana-septiembre-pirineo\/\" \/>\n<meta property=\"og:site_name\" content=\"Blog Oficial del Grupo ARAM\u00d3N\" \/>\n<meta property=\"article:published_time\" content=\"2026-09-04T11:00:00+00:00\" \/>\n<meta property=\"article:modified_time\" content=\"2026-08-24T12:52:03+00:00\" \/>\n<meta property=\"og:image\" content=\"https:\/\/www.aramon.com\/blog\/wp-content\/uploads\/2026\/08\/Aereo-Sallent-de-Gallego-1-scaled.jpg\" \/>\n\t<meta property=\"og:image:width\" content=\"2560\" \/>\n\t<meta property=\"og:image:height\" content=\"1440\" \/>\n\t<meta property=\"og:image:type\" content=\"image\/jpeg\" \/>\n<meta name=\"author\" content=\"aramon\" \/>\n<meta name=\"twitter:card\" content=\"summary_large_image\" \/>\n<meta name=\"twitter:label1\" content=\"Escrito por\" \/>\n\t<meta name=\"twitter:data1\" content=\"aramon\" \/>\n\t<meta name=\"twitter:label2\" content=\"Tiempo de lectura\" \/>\n\t<meta name=\"twitter:data2\" content=\"3 minutos\" \/>\n<script type=\"application\/ld+json\" class=\"yoast-schema-graph\">{\"@context\":\"https:\/\/schema.org\",\"@graph\":[{\"@type\":\"WebPage\",\"@id\":\"https:\/\/www.aramon.com\/blog\/montana-septiembre-pirineo\/\",\"url\":\"https:\/\/www.aramon.com\/blog\/montana-septiembre-pirineo\/\",\"name\":\"La monta\u00f1a sin prisa: por qu\u00e9 septiembre se disfruta diferente - Blog Oficial del Grupo ARAM\u00d3N\",\"isPartOf\":{\"@id\":\"https:\/\/www.aramon.com\/blog\/#website\"},\"primaryImageOfPage\":{\"@id\":\"https:\/\/www.aramon.com\/blog\/montana-septiembre-pirineo\/#primaryimage\"},\"image\":{\"@id\":\"https:\/\/www.aramon.com\/blog\/montana-septiembre-pirineo\/#primaryimage\"},\"thumbnailUrl\":\"https:\/\/www.aramon.com\/blog\/wp-content\/uploads\/2026\/08\/Aereo-Sallent-de-Gallego-1-scaled.jpg\",\"datePublished\":\"2026-09-04T11:00:00+00:00\",\"dateModified\":\"2026-08-24T12:52:03+00:00\",\"author\":{\"@id\":\"https:\/\/www.aramon.com\/blog\/#\/schema\/person\/9429ffb451d657ab98f0ca1b364eeef3\"},\"description\":\"Septiembre es un mes perfecto para disfrutar del Pirineo con calma: senderismo, pueblos, gastronom\u00eda y paisajes que cambian de color.\",\"inLanguage\":\"es\",\"potentialAction\":[{\"@type\":\"ReadAction\",\"target\":[\"https:\/\/www.aramon.com\/blog\/montana-septiembre-pirineo\/\"]}]},{\"@type\":\"ImageObject\",\"inLanguage\":\"es\",\"@id\":\"https:\/\/www.aramon.com\/blog\/montana-septiembre-pirineo\/#primaryimage\",\"url\":\"https:\/\/www.aramon.com\/blog\/wp-content\/uploads\/2026\/08\/Aereo-Sallent-de-Gallego-1-scaled.jpg\",\"contentUrl\":\"https:\/\/www.aramon.com\/blog\/wp-content\/uploads\/2026\/08\/Aereo-Sallent-de-Gallego-1-scaled.jpg\",\"width\":2560,\"height\":1440,\"caption\":\"default\"},{\"@type\":\"WebSite\",\"@id\":\"https:\/\/www.aramon.com\/blog\/#website\",\"url\":\"https:\/\/www.aramon.com\/blog\/\",\"name\":\"Blog Oficial del Grupo ARAM\u00d3N\",\"description\":\"Blog Oficial del Grupo Aram\u00f3n sobre estaciones de esqu\u00ed, monta\u00f1ismo, deportes de aventura y m\u00e1s en Arag\u00f3n.\",\"potentialAction\":[{\"@type\":\"SearchAction\",\"target\":{\"@type\":\"EntryPoint\",\"urlTemplate\":\"https:\/\/www.aramon.com\/blog\/?s={search_term_string}\"},\"query-input\":\"required name=search_term_string\"}],\"inLanguage\":\"es\"},{\"@type\":\"Person\",\"@id\":\"https:\/\/www.aramon.com\/blog\/#\/schema\/person\/9429ffb451d657ab98f0ca1b364eeef3\",\"name\":\"aramon\",\"image\":{\"@type\":\"ImageObject\",\"inLanguage\":\"es\",\"@id\":\"https:\/\/www.aramon.com\/blog\/#\/schema\/person\/image\/\",\"url\":\"https:\/\/secure.gravatar.com\/avatar\/d5fd0ede392e1af0e414b87f7568b4d5?s=96&d=mm&r=g\",\"contentUrl\":\"https:\/\/secure.gravatar.com\/avatar\/d5fd0ede392e1af0e414b87f7568b4d5?s=96&d=mm&r=g\",\"caption\":\"aramon\"},\"url\":\"https:\/\/www.aramon.com\/blog\/author\/aramon\/\"}]}<\/script>\n<!-- \/ Yoast SEO plugin. -->","yoast_head_json":{"title":"La monta\u00f1a sin prisa: por qu\u00e9 septiembre se disfruta diferente - Blog Oficial del Grupo ARAM\u00d3N","description":"Septiembre es un mes perfecto para disfrutar del Pirineo con calma: senderismo, pueblos, gastronom\u00eda y paisajes que cambian de color.","robots":{"index":"index","follow":"follow","max-snippet":"max-snippet:-1","max-image-preview":"max-image-preview:large","max-video-preview":"max-video-preview:-1"},"canonical":"https:\/\/www.aramon.com\/blog\/montana-septiembre-pirineo\/","og_locale":"es_ES","og_type":"article","og_title":"La monta\u00f1a sin prisa: por qu\u00e9 septiembre se disfruta diferente - Blog Oficial del Grupo ARAM\u00d3N","og_description":"Septiembre es un mes perfecto para disfrutar del Pirineo con calma: senderismo, pueblos, gastronom\u00eda y paisajes que cambian de color.","og_url":"https:\/\/www.aramon.com\/blog\/montana-septiembre-pirineo\/","og_site_name":"Blog Oficial del Grupo ARAM\u00d3N","article_published_time":"2026-09-04T11:00:00+00:00","article_modified_time":"2026-08-24T12:52:03+00:00","og_image":[{"width":2560,"height":1440,"url":"https:\/\/www.aramon.com\/blog\/wp-content\/uploads\/2026\/08\/Aereo-Sallent-de-Gallego-1-scaled.jpg","type":"image\/jpeg"}],"author":"aramon","twitter_card":"summary_large_image","twitter_misc":{"Escrito por":"aramon","Tiempo de lectura":"3 minutos"},"schema":{"@context":"https:\/\/schema.org","@graph":[{"@type":"WebPage","@id":"https:\/\/www.aramon.com\/blog\/montana-septiembre-pirineo\/","url":"https:\/\/www.aramon.com\/blog\/montana-septiembre-pirineo\/","name":"La monta\u00f1a sin prisa: por qu\u00e9 septiembre se disfruta diferente - Blog Oficial del Grupo ARAM\u00d3N","isPartOf":{"@id":"https:\/\/www.aramon.com\/blog\/#website"},"primaryImageOfPage":{"@id":"https:\/\/www.aramon.com\/blog\/montana-septiembre-pirineo\/#primaryimage"},"image":{"@id":"https:\/\/www.aramon.com\/blog\/montana-septiembre-pirineo\/#primaryimage"},"thumbnailUrl":"https:\/\/www.aramon.com\/blog\/wp-content\/uploads\/2026\/08\/Aereo-Sallent-de-Gallego-1-scaled.jpg","datePublished":"2026-09-04T11:00:00+00:00","dateModified":"2026-08-24T12:52:03+00:00","author":{"@id":"https:\/\/www.aramon.com\/blog\/#\/schema\/person\/9429ffb451d657ab98f0ca1b364eeef3"},"description":"Septiembre es un mes perfecto para disfrutar del Pirineo con calma: senderismo, pueblos, gastronom\u00eda y paisajes que cambian de color.","inLanguage":"es","potentialAction":[{"@type":"ReadAction","target":["https:\/\/www.aramon.com\/blog\/montana-septiembre-pirineo\/"]}]},{"@type":"ImageObject","inLanguage":"es","@id":"https:\/\/www.aramon.com\/blog\/montana-septiembre-pirineo\/#primaryimage","url":"https:\/\/www.aramon.com\/blog\/wp-content\/uploads\/2026\/08\/Aereo-Sallent-de-Gallego-1-scaled.jpg","contentUrl":"https:\/\/www.aramon.com\/blog\/wp-content\/uploads\/2026\/08\/Aereo-Sallent-de-Gallego-1-scaled.jpg","width":2560,"height":1440,"caption":"default"},{"@type":"WebSite","@id":"https:\/\/www.aramon.com\/blog\/#website","url":"https:\/\/www.aramon.com\/blog\/","name":"Blog Oficial del Grupo ARAM\u00d3N","description":"Blog Oficial del Grupo Aram\u00f3n sobre estaciones de esqu\u00ed, monta\u00f1ismo, deportes de aventura y m\u00e1s en Arag\u00f3n.","potentialAction":[{"@type":"SearchAction","target":{"@type":"EntryPoint","urlTemplate":"https:\/\/www.aramon.com\/blog\/?s={search_term_string}"},"query-input":"required name=search_term_string"}],"inLanguage":"es"},{"@type":"Person","@id":"https:\/\/www.aramon.com\/blog\/#\/schema\/person\/9429ffb451d657ab98f0ca1b364eeef3","name":"aramon","image":{"@type":"ImageObject","inLanguage":"es","@id":"https:\/\/www.aramon.com\/blog\/#\/schema\/person\/image\/","url":"https:\/\/secure.gravatar.com\/avatar\/d5fd0ede392e1af0e414b87f7568b4d5?s=96&d=mm&r=g","contentUrl":"https:\/\/secure.gravatar.com\/avatar\/d5fd0ede392e1af0e414b87f7568b4d5?s=96&d=mm&r=g","caption":"aramon"},"url":"https:\/\/www.aramon.com\/blog\/author\/aramon\/"}]}},"_links":{"self":[{"href":"https:\/\/www.aramon.com\/blog\/wp-json\/wp\/v2\/posts\/23791"}],"collection":[{"href":"https:\/\/www.aramon.com\/blog\/wp-json\/wp\/v2\/posts"}],"about":[{"href":"https:\/\/www.aramon.com\/blog\/wp-json\/wp\/v2\/types\/post"}],"author":[{"embeddable":true,"href":"https:\/\/www.aramon.com\/blog\/wp-json\/wp\/v2\/users\/2"}],"replies":[{"embeddable":true,"href":"https:\/\/www.aramon.com\/blog\/wp-json\/wp\/v2\/comments?post=23791"}],"version-history":[{"count":2,"href":"https:\/\/www.aramon.com\/blog\/wp-json\/wp\/v2\/posts\/23791\/revisions"}],"predecessor-version":[{"id":23794,"href":"https:\/\/www.aramon.com\/blog\/wp-json\/wp\/v2\/posts\/23791\/revisions\/23794"}],"wp:featuredmedia":[{"embeddable":true,"href":"https:\/\/www.aramon.com\/blog\/wp-json\/wp\/v2\/media\/23793"}],"wp:attachment":[{"href":"https:\/\/www.aramon.com\/blog\/wp-json\/wp\/v2\/media?parent=23791"}],"wp:term":[{"taxonomy":"category","embeddable":true,"href":"https:\/\/www.aramon.com\/blog\/wp-json\/wp\/v2\/categories?post=23791"},{"taxonomy":"post_tag","embeddable":true,"href":"https:\/\/www.aramon.com\/blog\/wp-json\/wp\/v2\/tags?post=23791"}],"curies":[{"name":"wp","href":"https:\/\/api.w.org\/{rel}","templated":true}]}}