{"id":23796,"date":"2026-08-29T23:30:00","date_gmt":"2026-08-29T21:30:00","guid":{"rendered":"https:\/\/www.aramon.com\/blog\/?p=23796"},"modified":"2026-08-25T11:42:06","modified_gmt":"2026-08-25T09:42:06","slug":"vuelta-espana-valdelinares","status":"publish","type":"post","link":"https:\/\/www.aramon.com\/blog\/vuelta-espana-valdelinares\/","title":{"rendered":"La Vuelta volvi\u00f3 a coronar la estaci\u00f3n de Valdelinares"},"content":{"rendered":"\n<p style=\"font-size:18px\">El pasado 28 de agosto, <strong>la estaci\u00f3n de Valdelinares volvi\u00f3 a convertirse en meta de La Vuelta Ciclista a Espa\u00f1a<\/strong>. Una jornada en la que algunos de los mejores ciclistas del panorama internacional cambiaron el asfalto por la alta monta\u00f1a y pusieron rumbo a uno de los grandes finales en alto de esta edici\u00f3n.<\/p>\n\n\n\n<p style=\"font-size:18px\">La s\u00e9ptima etapa parti\u00f3 de Vall d\u2019Alba, en Castell\u00f3n, para afrontar <strong>149,8 kil\u00f3metros de recorrido hasta alcanzar la estaci\u00f3n turolense<\/strong>. Un trazado de monta\u00f1a especialmente exigente en su parte final, atravesando enclaves como Fuentes de Rubielos, Rubielos de Mora y Mora de Rubielos antes de afrontar las ascensiones de San Rafael y Valdelinares.<\/p>\n\n\n\n<h3 class=\"wp-block-heading\">Una llegada a casi 2.000 metros<\/h3>\n\n\n\n<p>Si algo convirti\u00f3 a Valdelinares en uno de los puntos destacados de la jornada fue su altitud.<\/p>\n\n\n\n<p>La ascensi\u00f3n definitiva llev\u00f3 al pelot\u00f3n durante <strong>9,8 kil\u00f3metros y 578 metros de desnivel<\/strong>, con una pendiente media del <strong>5,9 %<\/strong>, hasta alcanzar la meta situada en torno a los <strong>1.965 metros de altitud<\/strong>. Una subida de primera categor\u00eda que volvi\u00f3 a poner a prueba las piernas de los corredores despu\u00e9s de una jornada de continuo desgaste.<\/p>\n\n\n\n<p>Valdelinares se situ\u00f3 as\u00ed entre los grandes techos de La Vuelta 2026 y volvi\u00f3 a demostrar que las monta\u00f1as turolenses tambi\u00e9n son territorio para los grandes retos deportivos.<\/p>\n\n\n\n<h3 class=\"wp-block-heading\">Valdelinares y La Vuelta, una historia que contin\u00faa<\/h3>\n\n\n\n<p style=\"font-size:18px\">No era la primera vez que el pelot\u00f3n llegaba hasta aqu\u00ed. <strong>La de 2026 fue la tercera llegada de La Vuelta a Valdelinares<\/strong>, recuperando una historia que tuvo uno de sus cap\u00edtulos m\u00e1s recordados en 2014. Aquel a\u00f1o, bajo unas dur\u00edsimas condiciones de lluvia y granizo, el colombiano Winner Anacona se llev\u00f3 la victoria de etapa y Nairo Quintana se convirti\u00f3 en nuevo l\u00edder de la clasificaci\u00f3n general.<\/p>\n\n\n\n<p style=\"font-size:18px\">Doce a\u00f1os despu\u00e9s, las carreteras de la Sierra de G\u00fadar volvieron a recibir a la \u00e9lite del ciclismo y Valdelinares recuper\u00f3 su lugar como escenario de uno de los grandes acontecimientos deportivos del pa\u00eds.<\/p>\n","protected":false},"excerpt":{"rendered":"<p>Ciclismo, monta\u00f1a y emoci\u00f3n se dieron cita a casi 2.000 metros de altitud en una jornada que volvi\u00f3 a situar a Aram\u00f3n Valdelinares entre los grandes escenarios de La Vuelta.<\/p>\n","protected":false},"author":2,"featured_media":23800,"comment_status":"closed","ping_status":"closed","sticky":false,"template":"","format":"standard","meta":{"_acf_changed":false,"footnotes":""},"categories":[304,1,308],"tags":[],"acf":[],"yoast_head":"<!-- This site is optimized with the Yoast SEO plugin v22.5 - https:\/\/yoast.com\/wordpress\/plugins\/seo\/ -->\n<title>La Vuelta volvi\u00f3 a coronar la estaci\u00f3n de Valdelinares - Blog Oficial del Grupo ARAM\u00d3N<\/title>\n<meta name=\"description\" content=\"La Vuelta volvi\u00f3 a Valdelinares en una jornada de ciclismo y alta monta\u00f1a. Descubre c\u00f3mo se vivi\u00f3 esta gran cita en la estaci\u00f3n turolense.\" \/>\n<meta name=\"robots\" content=\"index, follow, max-snippet:-1, max-image-preview:large, max-video-preview:-1\" \/>\n<link rel=\"canonical\" href=\"https:\/\/www.aramon.com\/blog\/vuelta-espana-valdelinares\/\" \/>\n<meta property=\"og:locale\" content=\"es_ES\" \/>\n<meta property=\"og:type\" content=\"article\" \/>\n<meta property=\"og:title\" content=\"La Vuelta volvi\u00f3 a coronar la estaci\u00f3n de Valdelinares - Blog Oficial del Grupo ARAM\u00d3N\" \/>\n<meta property=\"og:description\" content=\"La Vuelta volvi\u00f3 a Valdelinares en una jornada de ciclismo y alta monta\u00f1a. Descubre c\u00f3mo se vivi\u00f3 esta gran cita en la estaci\u00f3n turolense.\" \/>\n<meta property=\"og:url\" content=\"https:\/\/www.aramon.com\/blog\/vuelta-espana-valdelinares\/\" \/>\n<meta property=\"og:site_name\" content=\"Blog Oficial del Grupo ARAM\u00d3N\" \/>\n<meta property=\"article:published_time\" content=\"2026-08-29T21:30:00+00:00\" \/>\n<meta property=\"article:modified_time\" content=\"2026-08-25T09:42:06+00:00\" \/>\n<meta property=\"og:image\" content=\"https:\/\/www.aramon.com\/blog\/wp-content\/uploads\/2026\/08\/QH_HelenaClancy__0118-e1787641423155.jpg\" \/>\n\t<meta property=\"og:image:width\" content=\"1800\" \/>\n\t<meta property=\"og:image:height\" content=\"888\" \/>\n\t<meta property=\"og:image:type\" content=\"image\/jpeg\" \/>\n<meta name=\"author\" content=\"aramon\" \/>\n<meta name=\"twitter:card\" content=\"summary_large_image\" \/>\n<meta name=\"twitter:label1\" content=\"Escrito por\" \/>\n\t<meta name=\"twitter:data1\" content=\"aramon\" \/>\n\t<meta name=\"twitter:label2\" content=\"Tiempo de lectura\" \/>\n\t<meta name=\"twitter:data2\" content=\"2 minutos\" \/>\n<script type=\"application\/ld+json\" class=\"yoast-schema-graph\">{\"@context\":\"https:\/\/schema.org\",\"@graph\":[{\"@type\":\"WebPage\",\"@id\":\"https:\/\/www.aramon.com\/blog\/vuelta-espana-valdelinares\/\",\"url\":\"https:\/\/www.aramon.com\/blog\/vuelta-espana-valdelinares\/\",\"name\":\"La Vuelta volvi\u00f3 a coronar la estaci\u00f3n de Valdelinares - Blog Oficial del Grupo ARAM\u00d3N\",\"isPartOf\":{\"@id\":\"https:\/\/www.aramon.com\/blog\/#website\"},\"primaryImageOfPage\":{\"@id\":\"https:\/\/www.aramon.com\/blog\/vuelta-espana-valdelinares\/#primaryimage\"},\"image\":{\"@id\":\"https:\/\/www.aramon.com\/blog\/vuelta-espana-valdelinares\/#primaryimage\"},\"thumbnailUrl\":\"https:\/\/www.aramon.com\/blog\/wp-content\/uploads\/2026\/08\/QH_HelenaClancy__0118-e1787641423155.jpg\",\"datePublished\":\"2026-08-29T21:30:00+00:00\",\"dateModified\":\"2026-08-25T09:42:06+00:00\",\"author\":{\"@id\":\"https:\/\/www.aramon.com\/blog\/#\/schema\/person\/9429ffb451d657ab98f0ca1b364eeef3\"},\"description\":\"La Vuelta volvi\u00f3 a Valdelinares en una jornada de ciclismo y alta monta\u00f1a. Descubre c\u00f3mo se vivi\u00f3 esta gran cita en la estaci\u00f3n turolense.\",\"inLanguage\":\"es\",\"potentialAction\":[{\"@type\":\"ReadAction\",\"target\":[\"https:\/\/www.aramon.com\/blog\/vuelta-espana-valdelinares\/\"]}]},{\"@type\":\"ImageObject\",\"inLanguage\":\"es\",\"@id\":\"https:\/\/www.aramon.com\/blog\/vuelta-espana-valdelinares\/#primaryimage\",\"url\":\"https:\/\/www.aramon.com\/blog\/wp-content\/uploads\/2026\/08\/QH_HelenaClancy__0118-e1787641423155.jpg\",\"contentUrl\":\"https:\/\/www.aramon.com\/blog\/wp-content\/uploads\/2026\/08\/QH_HelenaClancy__0118-e1787641423155.jpg\",\"width\":1800,\"height\":888},{\"@type\":\"WebSite\",\"@id\":\"https:\/\/www.aramon.com\/blog\/#website\",\"url\":\"https:\/\/www.aramon.com\/blog\/\",\"name\":\"Blog Oficial del Grupo ARAM\u00d3N\",\"description\":\"Blog Oficial del Grupo Aram\u00f3n sobre estaciones de esqu\u00ed, monta\u00f1ismo, deportes de aventura y m\u00e1s en Arag\u00f3n.\",\"potentialAction\":[{\"@type\":\"SearchAction\",\"target\":{\"@type\":\"EntryPoint\",\"urlTemplate\":\"https:\/\/www.aramon.com\/blog\/?s={search_term_string}\"},\"query-input\":\"required name=search_term_string\"}],\"inLanguage\":\"es\"},{\"@type\":\"Person\",\"@id\":\"https:\/\/www.aramon.com\/blog\/#\/schema\/person\/9429ffb451d657ab98f0ca1b364eeef3\",\"name\":\"aramon\",\"image\":{\"@type\":\"ImageObject\",\"inLanguage\":\"es\",\"@id\":\"https:\/\/www.aramon.com\/blog\/#\/schema\/person\/image\/\",\"url\":\"https:\/\/secure.gravatar.com\/avatar\/d5fd0ede392e1af0e414b87f7568b4d5?s=96&d=mm&r=g\",\"contentUrl\":\"https:\/\/secure.gravatar.com\/avatar\/d5fd0ede392e1af0e414b87f7568b4d5?s=96&d=mm&r=g\",\"caption\":\"aramon\"},\"url\":\"https:\/\/www.aramon.com\/blog\/author\/aramon\/\"}]}<\/script>\n<!-- \/ Yoast SEO plugin. -->","yoast_head_json":{"title":"La Vuelta volvi\u00f3 a coronar la estaci\u00f3n de Valdelinares - Blog Oficial del Grupo ARAM\u00d3N","description":"La Vuelta volvi\u00f3 a Valdelinares en una jornada de ciclismo y alta monta\u00f1a. Descubre c\u00f3mo se vivi\u00f3 esta gran cita en la estaci\u00f3n turolense.","robots":{"index":"index","follow":"follow","max-snippet":"max-snippet:-1","max-image-preview":"max-image-preview:large","max-video-preview":"max-video-preview:-1"},"canonical":"https:\/\/www.aramon.com\/blog\/vuelta-espana-valdelinares\/","og_locale":"es_ES","og_type":"article","og_title":"La Vuelta volvi\u00f3 a coronar la estaci\u00f3n de Valdelinares - Blog Oficial del Grupo ARAM\u00d3N","og_description":"La Vuelta volvi\u00f3 a Valdelinares en una jornada de ciclismo y alta monta\u00f1a. Descubre c\u00f3mo se vivi\u00f3 esta gran cita en la estaci\u00f3n turolense.","og_url":"https:\/\/www.aramon.com\/blog\/vuelta-espana-valdelinares\/","og_site_name":"Blog Oficial del Grupo ARAM\u00d3N","article_published_time":"2026-08-29T21:30:00+00:00","article_modified_time":"2026-08-25T09:42:06+00:00","og_image":[{"width":1800,"height":888,"url":"https:\/\/www.aramon.com\/blog\/wp-content\/uploads\/2026\/08\/QH_HelenaClancy__0118-e1787641423155.jpg","type":"image\/jpeg"}],"author":"aramon","twitter_card":"summary_large_image","twitter_misc":{"Escrito por":"aramon","Tiempo de lectura":"2 minutos"},"schema":{"@context":"https:\/\/schema.org","@graph":[{"@type":"WebPage","@id":"https:\/\/www.aramon.com\/blog\/vuelta-espana-valdelinares\/","url":"https:\/\/www.aramon.com\/blog\/vuelta-espana-valdelinares\/","name":"La Vuelta volvi\u00f3 a coronar la estaci\u00f3n de Valdelinares - Blog Oficial del Grupo ARAM\u00d3N","isPartOf":{"@id":"https:\/\/www.aramon.com\/blog\/#website"},"primaryImageOfPage":{"@id":"https:\/\/www.aramon.com\/blog\/vuelta-espana-valdelinares\/#primaryimage"},"image":{"@id":"https:\/\/www.aramon.com\/blog\/vuelta-espana-valdelinares\/#primaryimage"},"thumbnailUrl":"https:\/\/www.aramon.com\/blog\/wp-content\/uploads\/2026\/08\/QH_HelenaClancy__0118-e1787641423155.jpg","datePublished":"2026-08-29T21:30:00+00:00","dateModified":"2026-08-25T09:42:06+00:00","author":{"@id":"https:\/\/www.aramon.com\/blog\/#\/schema\/person\/9429ffb451d657ab98f0ca1b364eeef3"},"description":"La Vuelta volvi\u00f3 a Valdelinares en una jornada de ciclismo y alta monta\u00f1a. Descubre c\u00f3mo se vivi\u00f3 esta gran cita en la estaci\u00f3n turolense.","inLanguage":"es","potentialAction":[{"@type":"ReadAction","target":["https:\/\/www.aramon.com\/blog\/vuelta-espana-valdelinares\/"]}]},{"@type":"ImageObject","inLanguage":"es","@id":"https:\/\/www.aramon.com\/blog\/vuelta-espana-valdelinares\/#primaryimage","url":"https:\/\/www.aramon.com\/blog\/wp-content\/uploads\/2026\/08\/QH_HelenaClancy__0118-e1787641423155.jpg","contentUrl":"https:\/\/www.aramon.com\/blog\/wp-content\/uploads\/2026\/08\/QH_HelenaClancy__0118-e1787641423155.jpg","width":1800,"height":888},{"@type":"WebSite","@id":"https:\/\/www.aramon.com\/blog\/#website","url":"https:\/\/www.aramon.com\/blog\/","name":"Blog Oficial del Grupo ARAM\u00d3N","description":"Blog Oficial del Grupo Aram\u00f3n sobre estaciones de esqu\u00ed, monta\u00f1ismo, deportes de aventura y m\u00e1s en Arag\u00f3n.","potentialAction":[{"@type":"SearchAction","target":{"@type":"EntryPoint","urlTemplate":"https:\/\/www.aramon.com\/blog\/?s={search_term_string}"},"query-input":"required name=search_term_string"}],"inLanguage":"es"},{"@type":"Person","@id":"https:\/\/www.aramon.com\/blog\/#\/schema\/person\/9429ffb451d657ab98f0ca1b364eeef3","name":"aramon","image":{"@type":"ImageObject","inLanguage":"es","@id":"https:\/\/www.aramon.com\/blog\/#\/schema\/person\/image\/","url":"https:\/\/secure.gravatar.com\/avatar\/d5fd0ede392e1af0e414b87f7568b4d5?s=96&d=mm&r=g","contentUrl":"https:\/\/secure.gravatar.com\/avatar\/d5fd0ede392e1af0e414b87f7568b4d5?s=96&d=mm&r=g","caption":"aramon"},"url":"https:\/\/www.aramon.com\/blog\/author\/aramon\/"}]}},"_links":{"self":[{"href":"https:\/\/www.aramon.com\/blog\/wp-json\/wp\/v2\/posts\/23796"}],"collection":[{"href":"https:\/\/www.aramon.com\/blog\/wp-json\/wp\/v2\/posts"}],"about":[{"href":"https:\/\/www.aramon.com\/blog\/wp-json\/wp\/v2\/types\/post"}],"author":[{"embeddable":true,"href":"https:\/\/www.aramon.com\/blog\/wp-json\/wp\/v2\/users\/2"}],"replies":[{"embeddable":true,"href":"https:\/\/www.aramon.com\/blog\/wp-json\/wp\/v2\/comments?post=23796"}],"version-history":[{"count":3,"href":"https:\/\/www.aramon.com\/blog\/wp-json\/wp\/v2\/posts\/23796\/revisions"}],"predecessor-version":[{"id":23799,"href":"https:\/\/www.aramon.com\/blog\/wp-json\/wp\/v2\/posts\/23796\/revisions\/23799"}],"wp:featuredmedia":[{"embeddable":true,"href":"https:\/\/www.aramon.com\/blog\/wp-json\/wp\/v2\/media\/23800"}],"wp:attachment":[{"href":"https:\/\/www.aramon.com\/blog\/wp-json\/wp\/v2\/media?parent=23796"}],"wp:term":[{"taxonomy":"category","embeddable":true,"href":"https:\/\/www.aramon.com\/blog\/wp-json\/wp\/v2\/categories?post=23796"},{"taxonomy":"post_tag","embeddable":true,"href":"https:\/\/www.aramon.com\/blog\/wp-json\/wp\/v2\/tags?post=23796"}],"curies":[{"name":"wp","href":"https:\/\/api.w.org\/{rel}","templated":true}]}}