{"id":23801,"date":"2026-09-01T18:00:00","date_gmt":"2026-09-01T16:00:00","guid":{"rendered":"https:\/\/www.aramon.com\/blog\/?p=23801"},"modified":"2026-08-25T11:41:00","modified_gmt":"2026-08-25T09:41:00","slug":"cursos-formacion-aramon","status":"publish","type":"post","link":"https:\/\/www.aramon.com\/blog\/cursos-formacion-aramon\/","title":{"rendered":"Nueva temporada de formaci\u00f3n 2026-2027 en el Centro de Formaci\u00f3n Aram\u00f3n"},"content":{"rendered":"\n<p style=\"font-size:18px\">Una temporada m\u00e1s, el <strong>Centro de Formaci\u00f3n Aram\u00f3n<\/strong> abre sus convocatorias para quienes quieren dar un paso m\u00e1s en su relaci\u00f3n con la nieve y formarse profesionalmente en los deportes de invierno.<\/p>\n\n\n\n<p style=\"font-size:18px\">Durante la temporada <strong>2026-2027<\/strong> se impartir\u00e1n cursos oficiales de <strong>TD1, TD2 y TD3 de Esqu\u00ed Alpino<\/strong>, as\u00ed como <strong>TD1 y TD2 de Snowboard<\/strong>, con formaci\u00f3n en <strong>Cerler<\/strong>, <strong>Formigal-Panticosa y Javalambre-Valdelinares<\/strong>.<\/p>\n\n\n\n<p style=\"font-size:18px\">Una oferta dise\u00f1ada para acompa\u00f1ar a los alumnos en las distintas etapas de su formaci\u00f3n y facilitar el acceso a las titulaciones en diferentes puntos del territorio.<\/p>\n\n\n\n<h3 class=\"wp-block-heading\">Nueva convocatoria extraordinaria en Les Deux Alpes<\/h3>\n\n\n\n<p style=\"font-size:18px\">Esta temporada, adem\u00e1s, la programaci\u00f3n incorpora una novedad. Tras la buena acogida de la convocatoria celebrada la pasada primavera, el Centro de Formaci\u00f3n Aram\u00f3n volver\u00e1 a trasladar parte de su actividad a <strong>Les Deux Alpes<\/strong>, una de las estaciones de referencia de los Alpes franceses.<\/p>\n\n\n\n<p style=\"font-size:18px\">Esta <strong>convocatoria extraordinaria<\/strong> permitir\u00e1 a los alumnos completar parte de su formaci\u00f3n en un entorno internacional y sumar una nueva experiencia dentro de su recorrido como futuros profesionales de los deportes de invierno.<\/p>\n\n\n\n<h3 class=\"wp-block-heading\">Las primeras convocatorias arrancar\u00e1n en noviembre<\/h3>\n\n\n\n<p style=\"font-size:18px\">El calendario comenzar\u00e1 <strong>a finales de noviembre de 2026<\/strong>, coincidiendo con el inicio de la temporada de invierno, con las primeras convocatorias de <strong>TD1, TD2 y TD3 de Esqu\u00ed Alpino<\/strong>.<\/p>\n\n\n\n<p style=\"font-size:18px\">A partir del <strong>26 de diciembre de 2026<\/strong>, aprovechando el periodo vacacional de Navidad, comenzar\u00e1n nuevas convocatorias de <strong>TD1 y TD2<\/strong> en las diferentes sedes del Centro de Formaci\u00f3n Aram\u00f3n.<\/p>\n\n\n\n<p style=\"font-size:18px\">A lo largo de la temporada se suceder\u00e1n distintas oportunidades para que cada alumno pueda encontrar la convocatoria que mejor encaje con su disponibilidad.<\/p>\n\n\n\n<h3 class=\"wp-block-heading\">Formaci\u00f3n adaptada a cada alumno<\/h3>\n\n\n\n<p style=\"font-size:18px\">Compatibilizar la formaci\u00f3n con los estudios o el trabajo es uno de los principales retos para muchos futuros t\u00e9cnicos deportivos. Por ello, los cursos volver\u00e1n a ofrecerse en diferentes formatos:<\/p>\n\n\n\n<ul>\n<li style=\"font-size:18px\"><strong>Cursos de fin de semana y festivos<\/strong>, pensados para quienes necesitan compaginar la formaci\u00f3n con su actividad laboral o acad\u00e9mica.<\/li>\n\n\n\n<li style=\"font-size:18px\"><strong>Cursos intensivos<\/strong>, para quienes prefieren concentrar las jornadas formativas en un periodo m\u00e1s reducido.<\/li>\n<\/ul>\n\n\n\n<p style=\"font-size:18px\">Distintas sedes, calendarios y modalidades con un mismo objetivo: hacer m\u00e1s accesible una formaci\u00f3n especializada y de calidad.<\/p>\n\n\n\n<h3 class=\"wp-block-heading\">Convierte la nieve en tu pr\u00f3ximo reto profesional<\/h3>\n\n\n\n<p style=\"font-size:18px\">Formarse como t\u00e9cnico deportivo permite avanzar en el conocimiento del esqu\u00ed y el snowboard y prepararse para desarrollar una carrera profesional vinculada a la monta\u00f1a.<\/p>\n\n\n\n<p style=\"font-size:18px\">Desde el <strong>Centro de Formaci\u00f3n Aram\u00f3n<\/strong> seguimos apostando por acompa\u00f1ar a los futuros profesionales durante todo este proceso, ofreciendo formaci\u00f3n especializada en algunas de las principales estaciones de esqu\u00ed de Aram\u00f3n y ampliando cada temporada las posibilidades para nuestros alumnos.<\/p>\n","protected":false},"excerpt":{"rendered":"<p>El Centro de Formaci\u00f3n pone en marcha una nueva edici\u00f3n de sus cursos para futuros profesionales del esqu\u00ed y el snowboard, con nuevas convocatorias, diferentes modalidades y una oferta ampliada.<\/p>\n","protected":false},"author":2,"featured_media":23805,"comment_status":"closed","ping_status":"closed","sticky":false,"template":"","format":"standard","meta":{"_acf_changed":false,"footnotes":""},"categories":[304,1,303,307,308],"tags":[],"acf":[],"yoast_head":"<!-- This site is optimized with the Yoast SEO plugin v22.5 - https:\/\/yoast.com\/wordpress\/plugins\/seo\/ -->\n<title>Nueva temporada de formaci\u00f3n 2026-2027 en el Centro de Formaci\u00f3n Aram\u00f3n - Blog Oficial del Grupo ARAM\u00d3N<\/title>\n<meta name=\"description\" content=\"Descubre los cursos TD1, TD2 y TD3 de esqu\u00ed alpino y snowboard del Centro de Formaci\u00f3n Aram\u00f3n para la temporada 2026-2027.\" \/>\n<meta name=\"robots\" content=\"index, follow, max-snippet:-1, max-image-preview:large, max-video-preview:-1\" \/>\n<link rel=\"canonical\" href=\"https:\/\/www.aramon.com\/blog\/cursos-formacion-aramon\/\" \/>\n<meta property=\"og:locale\" content=\"es_ES\" \/>\n<meta property=\"og:type\" content=\"article\" \/>\n<meta property=\"og:title\" content=\"Nueva temporada de formaci\u00f3n 2026-2027 en el Centro de Formaci\u00f3n Aram\u00f3n - Blog Oficial del Grupo ARAM\u00d3N\" \/>\n<meta property=\"og:description\" content=\"Descubre los cursos TD1, TD2 y TD3 de esqu\u00ed alpino y snowboard del Centro de Formaci\u00f3n Aram\u00f3n para la temporada 2026-2027.\" \/>\n<meta property=\"og:url\" content=\"https:\/\/www.aramon.com\/blog\/cursos-formacion-aramon\/\" \/>\n<meta property=\"og:site_name\" content=\"Blog Oficial del Grupo ARAM\u00d3N\" \/>\n<meta property=\"article:published_time\" content=\"2026-09-01T16:00:00+00:00\" \/>\n<meta property=\"article:modified_time\" content=\"2026-08-25T09:41:00+00:00\" \/>\n<meta property=\"og:image\" content=\"https:\/\/www.aramon.com\/blog\/wp-content\/uploads\/2026\/08\/VALDELINARES-2026-71-scaled.jpg\" \/>\n\t<meta property=\"og:image:width\" content=\"2560\" \/>\n\t<meta property=\"og:image:height\" content=\"1707\" \/>\n\t<meta property=\"og:image:type\" content=\"image\/jpeg\" \/>\n<meta name=\"author\" content=\"aramon\" \/>\n<meta name=\"twitter:card\" content=\"summary_large_image\" \/>\n<meta name=\"twitter:label1\" content=\"Escrito por\" \/>\n\t<meta name=\"twitter:data1\" content=\"aramon\" \/>\n\t<meta name=\"twitter:label2\" content=\"Tiempo de lectura\" \/>\n\t<meta name=\"twitter:data2\" content=\"3 minutos\" \/>\n<script type=\"application\/ld+json\" class=\"yoast-schema-graph\">{\"@context\":\"https:\/\/schema.org\",\"@graph\":[{\"@type\":\"WebPage\",\"@id\":\"https:\/\/www.aramon.com\/blog\/cursos-formacion-aramon\/\",\"url\":\"https:\/\/www.aramon.com\/blog\/cursos-formacion-aramon\/\",\"name\":\"Nueva temporada de formaci\u00f3n 2026-2027 en el Centro de Formaci\u00f3n Aram\u00f3n - Blog Oficial del Grupo ARAM\u00d3N\",\"isPartOf\":{\"@id\":\"https:\/\/www.aramon.com\/blog\/#website\"},\"primaryImageOfPage\":{\"@id\":\"https:\/\/www.aramon.com\/blog\/cursos-formacion-aramon\/#primaryimage\"},\"image\":{\"@id\":\"https:\/\/www.aramon.com\/blog\/cursos-formacion-aramon\/#primaryimage\"},\"thumbnailUrl\":\"https:\/\/www.aramon.com\/blog\/wp-content\/uploads\/2026\/08\/VALDELINARES-2026-71-scaled.jpg\",\"datePublished\":\"2026-09-01T16:00:00+00:00\",\"dateModified\":\"2026-08-25T09:41:00+00:00\",\"author\":{\"@id\":\"https:\/\/www.aramon.com\/blog\/#\/schema\/person\/9429ffb451d657ab98f0ca1b364eeef3\"},\"description\":\"Descubre los cursos TD1, TD2 y TD3 de esqu\u00ed alpino y snowboard del Centro de Formaci\u00f3n Aram\u00f3n para la temporada 2026-2027.\",\"inLanguage\":\"es\",\"potentialAction\":[{\"@type\":\"ReadAction\",\"target\":[\"https:\/\/www.aramon.com\/blog\/cursos-formacion-aramon\/\"]}]},{\"@type\":\"ImageObject\",\"inLanguage\":\"es\",\"@id\":\"https:\/\/www.aramon.com\/blog\/cursos-formacion-aramon\/#primaryimage\",\"url\":\"https:\/\/www.aramon.com\/blog\/wp-content\/uploads\/2026\/08\/VALDELINARES-2026-71-scaled.jpg\",\"contentUrl\":\"https:\/\/www.aramon.com\/blog\/wp-content\/uploads\/2026\/08\/VALDELINARES-2026-71-scaled.jpg\",\"width\":2560,\"height\":1707,\"caption\":\"VALDELINARES ESCUELA ESQU\u00cd\"},{\"@type\":\"WebSite\",\"@id\":\"https:\/\/www.aramon.com\/blog\/#website\",\"url\":\"https:\/\/www.aramon.com\/blog\/\",\"name\":\"Blog Oficial del Grupo ARAM\u00d3N\",\"description\":\"Blog Oficial del Grupo Aram\u00f3n sobre estaciones de esqu\u00ed, monta\u00f1ismo, deportes de aventura y m\u00e1s en Arag\u00f3n.\",\"potentialAction\":[{\"@type\":\"SearchAction\",\"target\":{\"@type\":\"EntryPoint\",\"urlTemplate\":\"https:\/\/www.aramon.com\/blog\/?s={search_term_string}\"},\"query-input\":\"required name=search_term_string\"}],\"inLanguage\":\"es\"},{\"@type\":\"Person\",\"@id\":\"https:\/\/www.aramon.com\/blog\/#\/schema\/person\/9429ffb451d657ab98f0ca1b364eeef3\",\"name\":\"aramon\",\"image\":{\"@type\":\"ImageObject\",\"inLanguage\":\"es\",\"@id\":\"https:\/\/www.aramon.com\/blog\/#\/schema\/person\/image\/\",\"url\":\"https:\/\/secure.gravatar.com\/avatar\/d5fd0ede392e1af0e414b87f7568b4d5?s=96&d=mm&r=g\",\"contentUrl\":\"https:\/\/secure.gravatar.com\/avatar\/d5fd0ede392e1af0e414b87f7568b4d5?s=96&d=mm&r=g\",\"caption\":\"aramon\"},\"url\":\"https:\/\/www.aramon.com\/blog\/author\/aramon\/\"}]}<\/script>\n<!-- \/ Yoast SEO plugin. -->","yoast_head_json":{"title":"Nueva temporada de formaci\u00f3n 2026-2027 en el Centro de Formaci\u00f3n Aram\u00f3n - Blog Oficial del Grupo ARAM\u00d3N","description":"Descubre los cursos TD1, TD2 y TD3 de esqu\u00ed alpino y snowboard del Centro de Formaci\u00f3n Aram\u00f3n para la temporada 2026-2027.","robots":{"index":"index","follow":"follow","max-snippet":"max-snippet:-1","max-image-preview":"max-image-preview:large","max-video-preview":"max-video-preview:-1"},"canonical":"https:\/\/www.aramon.com\/blog\/cursos-formacion-aramon\/","og_locale":"es_ES","og_type":"article","og_title":"Nueva temporada de formaci\u00f3n 2026-2027 en el Centro de Formaci\u00f3n Aram\u00f3n - Blog Oficial del Grupo ARAM\u00d3N","og_description":"Descubre los cursos TD1, TD2 y TD3 de esqu\u00ed alpino y snowboard del Centro de Formaci\u00f3n Aram\u00f3n para la temporada 2026-2027.","og_url":"https:\/\/www.aramon.com\/blog\/cursos-formacion-aramon\/","og_site_name":"Blog Oficial del Grupo ARAM\u00d3N","article_published_time":"2026-09-01T16:00:00+00:00","article_modified_time":"2026-08-25T09:41:00+00:00","og_image":[{"width":2560,"height":1707,"url":"https:\/\/www.aramon.com\/blog\/wp-content\/uploads\/2026\/08\/VALDELINARES-2026-71-scaled.jpg","type":"image\/jpeg"}],"author":"aramon","twitter_card":"summary_large_image","twitter_misc":{"Escrito por":"aramon","Tiempo de lectura":"3 minutos"},"schema":{"@context":"https:\/\/schema.org","@graph":[{"@type":"WebPage","@id":"https:\/\/www.aramon.com\/blog\/cursos-formacion-aramon\/","url":"https:\/\/www.aramon.com\/blog\/cursos-formacion-aramon\/","name":"Nueva temporada de formaci\u00f3n 2026-2027 en el Centro de Formaci\u00f3n Aram\u00f3n - Blog Oficial del Grupo ARAM\u00d3N","isPartOf":{"@id":"https:\/\/www.aramon.com\/blog\/#website"},"primaryImageOfPage":{"@id":"https:\/\/www.aramon.com\/blog\/cursos-formacion-aramon\/#primaryimage"},"image":{"@id":"https:\/\/www.aramon.com\/blog\/cursos-formacion-aramon\/#primaryimage"},"thumbnailUrl":"https:\/\/www.aramon.com\/blog\/wp-content\/uploads\/2026\/08\/VALDELINARES-2026-71-scaled.jpg","datePublished":"2026-09-01T16:00:00+00:00","dateModified":"2026-08-25T09:41:00+00:00","author":{"@id":"https:\/\/www.aramon.com\/blog\/#\/schema\/person\/9429ffb451d657ab98f0ca1b364eeef3"},"description":"Descubre los cursos TD1, TD2 y TD3 de esqu\u00ed alpino y snowboard del Centro de Formaci\u00f3n Aram\u00f3n para la temporada 2026-2027.","inLanguage":"es","potentialAction":[{"@type":"ReadAction","target":["https:\/\/www.aramon.com\/blog\/cursos-formacion-aramon\/"]}]},{"@type":"ImageObject","inLanguage":"es","@id":"https:\/\/www.aramon.com\/blog\/cursos-formacion-aramon\/#primaryimage","url":"https:\/\/www.aramon.com\/blog\/wp-content\/uploads\/2026\/08\/VALDELINARES-2026-71-scaled.jpg","contentUrl":"https:\/\/www.aramon.com\/blog\/wp-content\/uploads\/2026\/08\/VALDELINARES-2026-71-scaled.jpg","width":2560,"height":1707,"caption":"VALDELINARES ESCUELA ESQU\u00cd"},{"@type":"WebSite","@id":"https:\/\/www.aramon.com\/blog\/#website","url":"https:\/\/www.aramon.com\/blog\/","name":"Blog Oficial del Grupo ARAM\u00d3N","description":"Blog Oficial del Grupo Aram\u00f3n sobre estaciones de esqu\u00ed, monta\u00f1ismo, deportes de aventura y m\u00e1s en Arag\u00f3n.","potentialAction":[{"@type":"SearchAction","target":{"@type":"EntryPoint","urlTemplate":"https:\/\/www.aramon.com\/blog\/?s={search_term_string}"},"query-input":"required name=search_term_string"}],"inLanguage":"es"},{"@type":"Person","@id":"https:\/\/www.aramon.com\/blog\/#\/schema\/person\/9429ffb451d657ab98f0ca1b364eeef3","name":"aramon","image":{"@type":"ImageObject","inLanguage":"es","@id":"https:\/\/www.aramon.com\/blog\/#\/schema\/person\/image\/","url":"https:\/\/secure.gravatar.com\/avatar\/d5fd0ede392e1af0e414b87f7568b4d5?s=96&d=mm&r=g","contentUrl":"https:\/\/secure.gravatar.com\/avatar\/d5fd0ede392e1af0e414b87f7568b4d5?s=96&d=mm&r=g","caption":"aramon"},"url":"https:\/\/www.aramon.com\/blog\/author\/aramon\/"}]}},"_links":{"self":[{"href":"https:\/\/www.aramon.com\/blog\/wp-json\/wp\/v2\/posts\/23801"}],"collection":[{"href":"https:\/\/www.aramon.com\/blog\/wp-json\/wp\/v2\/posts"}],"about":[{"href":"https:\/\/www.aramon.com\/blog\/wp-json\/wp\/v2\/types\/post"}],"author":[{"embeddable":true,"href":"https:\/\/www.aramon.com\/blog\/wp-json\/wp\/v2\/users\/2"}],"replies":[{"embeddable":true,"href":"https:\/\/www.aramon.com\/blog\/wp-json\/wp\/v2\/comments?post=23801"}],"version-history":[{"count":3,"href":"https:\/\/www.aramon.com\/blog\/wp-json\/wp\/v2\/posts\/23801\/revisions"}],"predecessor-version":[{"id":23806,"href":"https:\/\/www.aramon.com\/blog\/wp-json\/wp\/v2\/posts\/23801\/revisions\/23806"}],"wp:featuredmedia":[{"embeddable":true,"href":"https:\/\/www.aramon.com\/blog\/wp-json\/wp\/v2\/media\/23805"}],"wp:attachment":[{"href":"https:\/\/www.aramon.com\/blog\/wp-json\/wp\/v2\/media?parent=23801"}],"wp:term":[{"taxonomy":"category","embeddable":true,"href":"https:\/\/www.aramon.com\/blog\/wp-json\/wp\/v2\/categories?post=23801"},{"taxonomy":"post_tag","embeddable":true,"href":"https:\/\/www.aramon.com\/blog\/wp-json\/wp\/v2\/tags?post=23801"}],"curies":[{"name":"wp","href":"https:\/\/api.w.org\/{rel}","templated":true}]}}