{"id":3957,"date":"2014-11-12T09:00:53","date_gmt":"2014-11-12T09:00:53","guid":{"rendered":"https:\/\/www.aramon.com\/blog\/\/?p=3957"},"modified":"2014-11-12T09:00:53","modified_gmt":"2014-11-12T09:00:53","slug":"una-temporada-cargada-de-nieve-y-novedades","status":"publish","type":"post","link":"https:\/\/www.aramon.com\/blog\/una-temporada-cargada-de-nieve-y-novedades\/","title":{"rendered":"Una temporada cargada de nieve y novedades en Aram\u00f3n"},"content":{"rendered":"<p>Cada vez queda menos para que nuestros valles y monta\u00f1as se llenen de nieve, y con ello podamos volver a disfrutar de grandes momentos como los que vivimos el a\u00f1o pasado. La <strong>temporada 2014-2015<\/strong> est\u00e1 a la vuelta de la esquina, y las 5 estaciones que forman el Grupo Aram\u00f3n est\u00e1n <strong>cargadas de novedades<\/strong>.<br \/>\n<iframe loading=\"lazy\" src=\"\/\/www.youtube.com\/embed\/OlGI3w52o64\" width=\"560\" height=\"315\" frameborder=\"0\" allowfullscreen=\"allowfullscreen\"><\/iframe><br \/>\nA partir de este a\u00f1o, el <strong>forfait de Formigal tambi\u00e9n dar\u00e1 acceso a Panticosa<\/strong>, por lo que con un s\u00f3lo forfait se podr\u00e1 esquiar en los 6 valles que componen el <strong>dominio Formigal-Panticosa<\/strong>, estaciones que adem\u00e1s estar\u00e1n unidas este a\u00f1o con un autob\u00fas que har\u00e1 el recorrido de forma constante entre ambas durante la jornada.<br \/>\nEn <strong>Panticosa<\/strong>, esta temporada los esquiadores estrenar\u00e1n una<strong> nueva pista roja<\/strong>, bautizada por vosotros a trav\u00e9s de Facebook con el nombre de <strong>\u201cEstrimal\u201d<\/strong>, que nos permitir\u00e1 llegar esquiando hasta el pueblo desde cota 1.500. Y si os veis con fuerza, y ten\u00e9is nivel, pod\u00e9is iniciar el descenso desde Pala Petrosos, y uni\u00e9ndo las dos pistas tendr\u00e9is la pista roja de mayor desnivel de todo el Pirineo, con sus 704 metros, todo un desaf\u00edo que seguro hace arder vuestras piernas esta temporada!<br \/>\n<iframe loading=\"lazy\" src=\"\/\/www.youtube.com\/embed\/vQfSVhHv4ks?list=UUf66oxQOpBmP2zk3IfVlXQA\" width=\"560\" height=\"315\" frameborder=\"0\" allowfullscreen=\"allowfullscreen\"><\/iframe><br \/>\nAdem\u00e1s este a\u00f1o estamos de cumplea\u00f1os, ya que <strong>la estaci\u00f3n de Formigal cumple 50 a\u00f1azos<\/strong> !! Obviamente, esto es algo que queremos celebrar con todos vosotros, y para ello estamos ultimando los detalles de un completo calendario de actividades, con competiciones de freestyle, de esqu\u00ed, descensos populares, bajadas de antorchas y por supuesto fiestas y conciertos durante toda la temporada. Va a ser una temporada \u00e9pica!!<br \/>\n<a href=\"https:\/\/www.aramon.com\/blog\/\/wp-content\/uploads\/2014\/10\/50ANIVERSARIO-esqui-blog.jpg\"><img loading=\"lazy\" decoding=\"async\" class=\"wp-image-3837 aligncenter\" src=\"https:\/\/www.aramon.com\/blog\/\/wp-content\/uploads\/2014\/10\/50ANIVERSARIO-esqui-blog.jpg\" alt=\"50ANIVERSARIO esqui blog\" width=\"625\" height=\"466\" \/><\/a><br \/>\nEn la tercera estaci\u00f3n del pirineo oscense, <strong>Cerler<\/strong>, hemos centrado el esfuerzo este a\u00f1o enmejorar los accesos &#8211; lo notar\u00e9is en cuanto llegu\u00e9is a Benasque &#8211; y en reforzar nuestra oferta para las futuras estrellas de la nieve, que tendr\u00e1n este a\u00f1o un nuevo <strong>jard\u00edn de nieve<\/strong> en cota 1.500 y una nueva pista <strong>\u00abEl Bosque encantado\u00bb<\/strong> que har\u00e1 las delicias de los m\u00e1s peque\u00f1os!<br \/>\n<a href=\"https:\/\/www.aramon.com\/blog\/\/wp-content\/uploads\/2014\/10\/jardin-nieve-Cerler-destacada.jpg\"><img loading=\"lazy\" decoding=\"async\" class=\"wp-image-3799 aligncenter\" src=\"https:\/\/www.aramon.com\/blog\/\/wp-content\/uploads\/2014\/10\/jardin-nieve-Cerler-destacada.jpg\" alt=\"jardin-nieve-Cerler-destacada\" width=\"625\" height=\"426\" \/><\/a><br \/>\nY en Teruel tampoco nos hemos quedado atr\u00e1s. Si con las \u00faltimas actuaciones dobl\u00e1bamos la superficie esquiable de Javalambre, este a\u00f1o le toca el turno a <strong>Valdelinares<\/strong> que pasa a ofrecer tambi\u00e9n <strong>14 kil\u00f3metros esquiables<\/strong>, con la incorporaci\u00f3n de un <strong>nuevo telesilla cuatriplaza<\/strong> que dar\u00e1 acceso a tres pistas, una verde, otra azul y otra roja, que tendr\u00e1n la nieve asegurada gracias a los <strong>52 ca\u00f1ones<\/strong> a esta nueva \u00e1rea.<br \/>\n<iframe loading=\"lazy\" src=\"\/\/www.youtube.com\/embed\/MZj3cJr6mSw?list=UUf66oxQOpBmP2zk3IfVlXQA\" width=\"560\" height=\"315\" frameborder=\"0\" allowfullscreen=\"allowfullscreen\"><\/iframe><br \/>\nAdem\u00e1s, esta temporada continuamos con nuestro esfuerzo de acercar el esqu\u00ed a todo el mundo, y a todas las edades, y mantenemos y aumentamos nuestras <strong>propuesta de precios especiales entre semana y nuestros \u201cd\u00edas locos\u201d<\/strong>, donde poder esquiar desde s\u00f3lo 20\u20ac, y lanzamos nuevos <strong>paquetes combinados de forfait y alojamiento<\/strong>, que incluso puede salirte gratis!!.<br \/>\n<figure id=\"attachment_3961\" aria-describedby=\"caption-attachment-3961\" style=\"width: 576px\" class=\"wp-caption aligncenter\"><a href=\"https:\/\/www.aramon.com\/blog\/\/wp-content\/uploads\/2014\/11\/01_generico_4ofertas_2355x3140.jpg\"><img loading=\"lazy\" decoding=\"async\" class=\"size-full wp-image-3961\" src=\"https:\/\/www.aramon.com\/blog\/\/wp-content\/uploads\/2014\/11\/01_generico_4ofertas_2355x3140.jpg\" alt=\"Ofertas de la temporada\" width=\"576\" height=\"768\" \/><\/a><figcaption id=\"caption-attachment-3961\" class=\"wp-caption-text\">Ofertas para la nueva temporada<\/figcaption><\/figure><br \/>\nQueremos seguir creciendo, y queremos hacerlo contigo. Queremos contagiarte el esp\u00edritu\u00a0 <strong>Snow Power<\/strong> !!<br \/>\n<strong>Nos vemos este a\u00f1o en pistas.<\/strong><br \/>\n&nbsp;<\/p>\n","protected":false},"excerpt":{"rendered":"<p>Cada vez queda menos para que nuestros valles y monta\u00f1as se llenen de nieve, y con ello podamos volver a<\/p>\n","protected":false},"author":1,"featured_media":3962,"comment_status":"open","ping_status":"open","sticky":false,"template":"","format":"standard","meta":{"_acf_changed":false,"footnotes":""},"categories":[302,304,305,306,1,303,307,308],"tags":[],"acf":[],"yoast_head":"<!-- This site is optimized with the Yoast SEO plugin v22.5 - https:\/\/yoast.com\/wordpress\/plugins\/seo\/ -->\n<title>Una temporada cargada de nieve y novedades en Aram\u00f3n - Blog Oficial del Grupo ARAM\u00d3N<\/title>\n<meta name=\"description\" content=\"Cada vez queda menos para que nuestros valles y monta\u00f1as se llenen de nieve, y con ello podamos volver a disfrutar de grandes momentos en Aram\u00f3n\" \/>\n<meta name=\"robots\" content=\"index, follow, max-snippet:-1, max-image-preview:large, max-video-preview:-1\" \/>\n<link rel=\"canonical\" href=\"https:\/\/www.aramon.com\/blog\/una-temporada-cargada-de-nieve-y-novedades\/\" \/>\n<meta property=\"og:locale\" content=\"es_ES\" \/>\n<meta property=\"og:type\" content=\"article\" \/>\n<meta property=\"og:title\" content=\"Una temporada cargada de nieve y novedades en Aram\u00f3n - Blog Oficial del Grupo ARAM\u00d3N\" \/>\n<meta property=\"og:description\" content=\"Cada vez queda menos para que nuestros valles y monta\u00f1as se llenen de nieve, y con ello podamos volver a disfrutar de grandes momentos en Aram\u00f3n\" \/>\n<meta property=\"og:url\" content=\"https:\/\/www.aramon.com\/blog\/una-temporada-cargada-de-nieve-y-novedades\/\" \/>\n<meta property=\"og:site_name\" content=\"Blog Oficial del Grupo ARAM\u00d3N\" \/>\n<meta property=\"article:published_time\" content=\"2014-11-12T09:00:53+00:00\" \/>\n<meta name=\"author\" content=\"hiberus\" \/>\n<meta name=\"twitter:card\" content=\"summary_large_image\" \/>\n<meta name=\"twitter:label1\" content=\"Escrito por\" \/>\n\t<meta name=\"twitter:data1\" content=\"hiberus\" \/>\n\t<meta name=\"twitter:label2\" content=\"Tiempo de lectura\" \/>\n\t<meta name=\"twitter:data2\" content=\"3 minutos\" \/>\n<script type=\"application\/ld+json\" class=\"yoast-schema-graph\">{\"@context\":\"https:\/\/schema.org\",\"@graph\":[{\"@type\":\"WebPage\",\"@id\":\"https:\/\/www.aramon.com\/blog\/una-temporada-cargada-de-nieve-y-novedades\/\",\"url\":\"https:\/\/www.aramon.com\/blog\/una-temporada-cargada-de-nieve-y-novedades\/\",\"name\":\"Una temporada cargada de nieve y novedades en Aram\u00f3n - Blog Oficial del Grupo ARAM\u00d3N\",\"isPartOf\":{\"@id\":\"https:\/\/www.aramon.com\/blog\/#website\"},\"primaryImageOfPage\":{\"@id\":\"https:\/\/www.aramon.com\/blog\/una-temporada-cargada-de-nieve-y-novedades\/#primaryimage\"},\"image\":{\"@id\":\"https:\/\/www.aramon.com\/blog\/una-temporada-cargada-de-nieve-y-novedades\/#primaryimage\"},\"thumbnailUrl\":\"\",\"datePublished\":\"2014-11-12T09:00:53+00:00\",\"dateModified\":\"2014-11-12T09:00:53+00:00\",\"author\":{\"@id\":\"https:\/\/www.aramon.com\/blog\/#\/schema\/person\/5f0166989266e21538ac837b0564ab22\"},\"description\":\"Cada vez queda menos para que nuestros valles y monta\u00f1as se llenen de nieve, y con ello podamos volver a disfrutar de grandes momentos en Aram\u00f3n\",\"inLanguage\":\"es\",\"potentialAction\":[{\"@type\":\"ReadAction\",\"target\":[\"https:\/\/www.aramon.com\/blog\/una-temporada-cargada-de-nieve-y-novedades\/\"]}]},{\"@type\":\"ImageObject\",\"inLanguage\":\"es\",\"@id\":\"https:\/\/www.aramon.com\/blog\/una-temporada-cargada-de-nieve-y-novedades\/#primaryimage\",\"url\":\"\",\"contentUrl\":\"\"},{\"@type\":\"WebSite\",\"@id\":\"https:\/\/www.aramon.com\/blog\/#website\",\"url\":\"https:\/\/www.aramon.com\/blog\/\",\"name\":\"Blog Oficial del Grupo ARAM\u00d3N\",\"description\":\"Blog Oficial del Grupo Aram\u00f3n sobre estaciones de esqu\u00ed, monta\u00f1ismo, deportes de aventura y m\u00e1s en Arag\u00f3n.\",\"potentialAction\":[{\"@type\":\"SearchAction\",\"target\":{\"@type\":\"EntryPoint\",\"urlTemplate\":\"https:\/\/www.aramon.com\/blog\/?s={search_term_string}\"},\"query-input\":\"required name=search_term_string\"}],\"inLanguage\":\"es\"},{\"@type\":\"Person\",\"@id\":\"https:\/\/www.aramon.com\/blog\/#\/schema\/person\/5f0166989266e21538ac837b0564ab22\",\"name\":\"hiberus\",\"image\":{\"@type\":\"ImageObject\",\"inLanguage\":\"es\",\"@id\":\"https:\/\/www.aramon.com\/blog\/#\/schema\/person\/image\/\",\"url\":\"https:\/\/secure.gravatar.com\/avatar\/c2378a105fe40fef44ebc5efdc109102?s=96&d=mm&r=g\",\"contentUrl\":\"https:\/\/secure.gravatar.com\/avatar\/c2378a105fe40fef44ebc5efdc109102?s=96&d=mm&r=g\",\"caption\":\"hiberus\"},\"sameAs\":[\"https:\/\/www.aramon.com\/blog\"],\"url\":\"https:\/\/www.aramon.com\/blog\/author\/hiberus\/\"}]}<\/script>\n<!-- \/ Yoast SEO plugin. -->","yoast_head_json":{"title":"Una temporada cargada de nieve y novedades en Aram\u00f3n - Blog Oficial del Grupo ARAM\u00d3N","description":"Cada vez queda menos para que nuestros valles y monta\u00f1as se llenen de nieve, y con ello podamos volver a disfrutar de grandes momentos en Aram\u00f3n","robots":{"index":"index","follow":"follow","max-snippet":"max-snippet:-1","max-image-preview":"max-image-preview:large","max-video-preview":"max-video-preview:-1"},"canonical":"https:\/\/www.aramon.com\/blog\/una-temporada-cargada-de-nieve-y-novedades\/","og_locale":"es_ES","og_type":"article","og_title":"Una temporada cargada de nieve y novedades en Aram\u00f3n - Blog Oficial del Grupo ARAM\u00d3N","og_description":"Cada vez queda menos para que nuestros valles y monta\u00f1as se llenen de nieve, y con ello podamos volver a disfrutar de grandes momentos en Aram\u00f3n","og_url":"https:\/\/www.aramon.com\/blog\/una-temporada-cargada-de-nieve-y-novedades\/","og_site_name":"Blog Oficial del Grupo ARAM\u00d3N","article_published_time":"2014-11-12T09:00:53+00:00","author":"hiberus","twitter_card":"summary_large_image","twitter_misc":{"Escrito por":"hiberus","Tiempo de lectura":"3 minutos"},"schema":{"@context":"https:\/\/schema.org","@graph":[{"@type":"WebPage","@id":"https:\/\/www.aramon.com\/blog\/una-temporada-cargada-de-nieve-y-novedades\/","url":"https:\/\/www.aramon.com\/blog\/una-temporada-cargada-de-nieve-y-novedades\/","name":"Una temporada cargada de nieve y novedades en Aram\u00f3n - Blog Oficial del Grupo ARAM\u00d3N","isPartOf":{"@id":"https:\/\/www.aramon.com\/blog\/#website"},"primaryImageOfPage":{"@id":"https:\/\/www.aramon.com\/blog\/una-temporada-cargada-de-nieve-y-novedades\/#primaryimage"},"image":{"@id":"https:\/\/www.aramon.com\/blog\/una-temporada-cargada-de-nieve-y-novedades\/#primaryimage"},"thumbnailUrl":"","datePublished":"2014-11-12T09:00:53+00:00","dateModified":"2014-11-12T09:00:53+00:00","author":{"@id":"https:\/\/www.aramon.com\/blog\/#\/schema\/person\/5f0166989266e21538ac837b0564ab22"},"description":"Cada vez queda menos para que nuestros valles y monta\u00f1as se llenen de nieve, y con ello podamos volver a disfrutar de grandes momentos en Aram\u00f3n","inLanguage":"es","potentialAction":[{"@type":"ReadAction","target":["https:\/\/www.aramon.com\/blog\/una-temporada-cargada-de-nieve-y-novedades\/"]}]},{"@type":"ImageObject","inLanguage":"es","@id":"https:\/\/www.aramon.com\/blog\/una-temporada-cargada-de-nieve-y-novedades\/#primaryimage","url":"","contentUrl":""},{"@type":"WebSite","@id":"https:\/\/www.aramon.com\/blog\/#website","url":"https:\/\/www.aramon.com\/blog\/","name":"Blog Oficial del Grupo ARAM\u00d3N","description":"Blog Oficial del Grupo Aram\u00f3n sobre estaciones de esqu\u00ed, monta\u00f1ismo, deportes de aventura y m\u00e1s en Arag\u00f3n.","potentialAction":[{"@type":"SearchAction","target":{"@type":"EntryPoint","urlTemplate":"https:\/\/www.aramon.com\/blog\/?s={search_term_string}"},"query-input":"required name=search_term_string"}],"inLanguage":"es"},{"@type":"Person","@id":"https:\/\/www.aramon.com\/blog\/#\/schema\/person\/5f0166989266e21538ac837b0564ab22","name":"hiberus","image":{"@type":"ImageObject","inLanguage":"es","@id":"https:\/\/www.aramon.com\/blog\/#\/schema\/person\/image\/","url":"https:\/\/secure.gravatar.com\/avatar\/c2378a105fe40fef44ebc5efdc109102?s=96&d=mm&r=g","contentUrl":"https:\/\/secure.gravatar.com\/avatar\/c2378a105fe40fef44ebc5efdc109102?s=96&d=mm&r=g","caption":"hiberus"},"sameAs":["https:\/\/www.aramon.com\/blog"],"url":"https:\/\/www.aramon.com\/blog\/author\/hiberus\/"}]}},"_links":{"self":[{"href":"https:\/\/www.aramon.com\/blog\/wp-json\/wp\/v2\/posts\/3957"}],"collection":[{"href":"https:\/\/www.aramon.com\/blog\/wp-json\/wp\/v2\/posts"}],"about":[{"href":"https:\/\/www.aramon.com\/blog\/wp-json\/wp\/v2\/types\/post"}],"author":[{"embeddable":true,"href":"https:\/\/www.aramon.com\/blog\/wp-json\/wp\/v2\/users\/1"}],"replies":[{"embeddable":true,"href":"https:\/\/www.aramon.com\/blog\/wp-json\/wp\/v2\/comments?post=3957"}],"version-history":[{"count":0,"href":"https:\/\/www.aramon.com\/blog\/wp-json\/wp\/v2\/posts\/3957\/revisions"}],"wp:featuredmedia":[{"embeddable":true,"href":"https:\/\/www.aramon.com\/blog\/wp-json\/"}],"wp:attachment":[{"href":"https:\/\/www.aramon.com\/blog\/wp-json\/wp\/v2\/media?parent=3957"}],"wp:term":[{"taxonomy":"category","embeddable":true,"href":"https:\/\/www.aramon.com\/blog\/wp-json\/wp\/v2\/categories?post=3957"},{"taxonomy":"post_tag","embeddable":true,"href":"https:\/\/www.aramon.com\/blog\/wp-json\/wp\/v2\/tags?post=3957"}],"curies":[{"name":"wp","href":"https:\/\/api.w.org\/{rel}","templated":true}]}}